{"id":25849,"date":"2021-07-05T19:01:19","date_gmt":"2021-07-05T22:01:19","guid":{"rendered":"http:\/\/www.centraldenoticias.com.ar\/?p=25849"},"modified":"2021-07-05T19:01:19","modified_gmt":"2021-07-05T22:01:19","slug":"seria-un-gran-gesto-que-la-provincia-habilite-los-centros-vacunatorios-municipales","status":"publish","type":"post","link":"https:\/\/cdnoticias.com\/index.php\/2021\/07\/05\/seria-un-gran-gesto-que-la-provincia-habilite-los-centros-vacunatorios-municipales\/","title":{"rendered":"\u201cSer\u00eda un gran gesto que la Provincia habilite los centros vacunatorios municipales\u201d"},"content":{"rendered":"<p>As\u00ed se proclam\u00f3 Emilio Vitale, el subsecretario de Gobierno Municipal, tras las largas filas que pudieron verse en torno al Centro Cultural Universitario.<!--more--><\/p>\n<hr \/>\n<p><strong>Sin dudas una de las im\u00e1genes que deja la jornada de este lunes son las largas filas que durante horas pudieron verse en torno al Centro Cultural Universitario<\/strong>, ubicado en el coraz\u00f3n del barrio Pueblo Nuevo y que funciona como una de las cuatro postas de vacunaci\u00f3n contra el Coronavirus que fueron dispuestas desde Provincia.<\/p>\n<p>&nbsp;<\/p>\n<p>Desde Regi\u00f3n Sanitaria IX se explic\u00f3 que se ha dado una multiplicaci\u00f3n en la asignaci\u00f3n de turnos, al punto que en ese lugar, por ejemplo, <strong>han sido asignadas 1300 dosis diarias a aplicar en los pr\u00f3ximos d\u00edas.<\/strong><\/p>\n<p>&nbsp;<\/p>\n<blockquote class=\"twitter-tweet\" data-width=\"550\" data-dnt=\"true\">\n<p lang=\"es\" dir=\"ltr\">Tres cuadras de cola para vacunarse en el Centro Cultural Unicen (a la vuelta del Banco de Leche). Ser\u00eda importante y un gran gesto que la Provincia habilite los centros vacunatorios municipales que pusimos a disposici\u00f3n con personal calificado. <a href=\"https:\/\/t.co\/1MOgrNPKAH\">pic.twitter.com\/1MOgrNPKAH<\/a><\/p>\n<p>&mdash; Emilio vitale (@MilioVitale) <a href=\"https:\/\/twitter.com\/MilioVitale\/status\/1412095316296441857?ref_src=twsrc%5Etfw\">July 5, 2021<\/a><\/p><\/blockquote>\n<p><script async src=\"https:\/\/platform.twitter.com\/widgets.js\" charset=\"utf-8\"><\/script><\/p>\n<p>&nbsp;<\/p>\n<p>En ese marco quien se proclam\u00f3 a trav\u00e9s de las redes sociales fue el subsecretario de Gobierno Municipal, Emilio Vitale. <strong>\u201cTres cuadras de cola para vacunarse en el Centro Cultural Unicen (a la vuelta del Banco de Leche). Ser\u00eda importante y un gran gesto que la Provincia habilite los centros vacunatorios municipales que pusimos a disposici\u00f3n con personal calificado\u201d<\/strong>, public\u00f3 en su cuenta en la red social Twitter.<\/p>\n<p>&nbsp;<\/p>\n<p><strong>\u201cHay m\u00e1s de 3 millones de dosis para aplicar en el pa\u00eds. Con m\u00e1s lugares autorizados para vacunar, esta pesadilla termina m\u00e1s r\u00e1pido\u201d<\/strong>, agreg\u00f3 para concluir con el \u201chilo\u201d que fue replicado por otros usuarios de la red, entre ellos el bloque de concejales de Juntos por el Cambio.<\/p>\n<p>&nbsp;<\/p>\n","protected":false},"excerpt":{"rendered":"<p>As\u00ed se proclam\u00f3 Emilio Vitale, el subsecretario de Gobierno Municipal, tras las largas filas que pudieron verse en torno al<\/p>\n","protected":false},"author":3,"featured_media":25799,"comment_status":"closed","ping_status":"closed","sticky":false,"template":"","format":"standard","meta":{"_jetpack_memberships_contains_paid_content":false,"footnotes":""},"categories":[4,1],"tags":[],"class_list":["post-25849","post","type-post","status-publish","format-standard","has-post-thumbnail","hentry","category-politica","category-portada"],"jetpack_featured_media_url":"https:\/\/i0.wp.com\/cdnoticias.com\/wp-content\/uploads\/2021\/07\/vacunacion-12.jpg?fit=4608%2C3072&ssl=1","jetpack_sharing_enabled":true,"_links":{"self":[{"href":"https:\/\/cdnoticias.com\/index.php\/wp-json\/wp\/v2\/posts\/25849","targetHints":{"allow":["GET"]}}],"collection":[{"href":"https:\/\/cdnoticias.com\/index.php\/wp-json\/wp\/v2\/posts"}],"about":[{"href":"https:\/\/cdnoticias.com\/index.php\/wp-json\/wp\/v2\/types\/post"}],"author":[{"embeddable":true,"href":"https:\/\/cdnoticias.com\/index.php\/wp-json\/wp\/v2\/users\/3"}],"replies":[{"embeddable":true,"href":"https:\/\/cdnoticias.com\/index.php\/wp-json\/wp\/v2\/comments?post=25849"}],"version-history":[{"count":0,"href":"https:\/\/cdnoticias.com\/index.php\/wp-json\/wp\/v2\/posts\/25849\/revisions"}],"wp:featuredmedia":[{"embeddable":true,"href":"https:\/\/cdnoticias.com\/index.php\/wp-json\/wp\/v2\/media\/25799"}],"wp:attachment":[{"href":"https:\/\/cdnoticias.com\/index.php\/wp-json\/wp\/v2\/media?parent=25849"}],"wp:term":[{"taxonomy":"category","embeddable":true,"href":"https:\/\/cdnoticias.com\/index.php\/wp-json\/wp\/v2\/categories?post=25849"},{"taxonomy":"post_tag","embeddable":true,"href":"https:\/\/cdnoticias.com\/index.php\/wp-json\/wp\/v2\/tags?post=25849"}],"curies":[{"name":"wp","href":"https:\/\/api.w.org\/{rel}","templated":true}]}}