{"id":25824,"date":"2021-07-05T16:53:22","date_gmt":"2021-07-05T19:53:22","guid":{"rendered":"http:\/\/www.centraldenoticias.com.ar\/?p=25824"},"modified":"2021-07-05T16:53:22","modified_gmt":"2021-07-05T19:53:22","slug":"viento-en-contra-pide-por-la-ley-de-envases-con-inclusion-social","status":"publish","type":"post","link":"https:\/\/cdnoticias.com\/index.php\/2021\/07\/05\/viento-en-contra-pide-por-la-ley-de-envases-con-inclusion-social\/","title":{"rendered":"\u201cViento en Contra\u201d pide por la Ley de Envases con Inclusi\u00f3n Social"},"content":{"rendered":"<p>Integrantes de la cooperativa realizar\u00e1n una actividad este martes en el Paseo Jes\u00fas Mend\u00eda. La intenci\u00f3n es visibilizar y fortalecer el trabajo cartonero. Los detalles de la ley.<!--more--><\/p>\n<hr \/>\n<p>Este martes desde las 10:00, integrantes del a Cooperativa Viento en Contra realizar\u00e1n una actividad en el Paseo Jes\u00fas Mend\u00eda, enmarcada en la presentaci\u00f3n del proyecto de <strong>Ley de Envases con Inclusi\u00f3n Social<\/strong> para visibilizar y fortalecer el trabajo cartonero que llevan adelante m\u00e1s de 70 personas desde hace alrededor de tres a\u00f1os. Por este motivo, el predio de la Cooperativa tendr\u00e1 sus puertas cerradas.<\/p>\n<p>&nbsp;<\/p>\n<p>Desde la Federaci\u00f3n Argentina de Cartoneros, Carreros y Recicladores (FACCyR) junto con organizaciones ambientales, sociales y pol\u00edticas, acompa\u00f1an la presentaci\u00f3n de la Ley en el Congreso de la Naci\u00f3n.<\/p>\n<p>&nbsp;<\/p>\n<p>En ese sentido, resaltaron <strong>los principales puntos y fundamentos del proyecto.<\/strong><\/p>\n<p>&nbsp;<\/p>\n<p>-En Argentina se producen<strong> todos los d\u00edas 50 mil toneladas de residuos.<\/strong> La mitad de ellos termina en alguno de los 5000 basurales a cielo abierto que hay en el pa\u00eds, o en un relleno sanitario.<\/p>\n<p>&nbsp;<\/p>\n<p>-Alrededor del 20% de los residuos s\u00f3lidos urbanos generados son <strong>envases post consumo.<\/strong><\/p>\n<p>&nbsp;<\/p>\n<p>-Actualmente se recuperan como m\u00e1ximo un <strong>10% de los residuos generados.<\/strong><\/p>\n<p>&nbsp;<\/p>\n<p>&#8211;<strong>Los 150.000 cartoneros y cartoneras que evitan que el sistema colapse trabajan en p\u00e9simas condiciones.<\/strong> Miles de ellos lo hacen en los propios basurales sin ba\u00f1os, agua, ni techo para cubrirse del sol o la lluvia.<\/p>\n<p>&nbsp;<\/p>\n<p>-La Ley se basa en el principio de <strong>Responsabilidad Extendida al Productor (REP)<\/strong>, la cual es entendida como el deber de cada uno de los productores de tomar responsabilidad objetiva por la gesti\u00f3n ambiental y su financiamiento respecto de los envases introducidos por ellos en el mercado nacional y los envases post consumo.<\/p>\n<p>&nbsp;<\/p>\n<p>-El proyecto implica la implementaci\u00f3n de una tasa ambiental para las empresas y productores que coloquen envases en el mercado, premiando a los que se hagan con materiales reciclables y sean f\u00e1ciles de reciclar. Lo recaudado se utilizar\u00e1 para implementar <strong>Sistemas de Reciclado con Inclusi\u00f3n Social<\/strong>, que permitan recuperar los envases para que vuelvan a la industria y dignifiquen el trabajo de los cartoneros y las cartoneras de todo el pa\u00eds.<\/p>\n","protected":false},"excerpt":{"rendered":"<p>Integrantes de la cooperativa realizar\u00e1n una actividad este martes en el Paseo Jes\u00fas Mend\u00eda. La intenci\u00f3n es visibilizar y fortalecer<\/p>\n","protected":false},"author":5,"featured_media":25825,"comment_status":"closed","ping_status":"closed","sticky":false,"template":"","format":"standard","meta":{"_jetpack_memberships_contains_paid_content":false,"footnotes":""},"categories":[5,1],"tags":[],"class_list":["post-25824","post","type-post","status-publish","format-standard","has-post-thumbnail","hentry","category-informacion-general","category-portada"],"jetpack_featured_media_url":"https:\/\/i0.wp.com\/cdnoticias.com\/wp-content\/uploads\/2021\/07\/WhatsApp-Image-2021-07-05-at-14.53.23-1.jpeg?fit=1280%2C1280&ssl=1","jetpack_sharing_enabled":true,"_links":{"self":[{"href":"https:\/\/cdnoticias.com\/index.php\/wp-json\/wp\/v2\/posts\/25824","targetHints":{"allow":["GET"]}}],"collection":[{"href":"https:\/\/cdnoticias.com\/index.php\/wp-json\/wp\/v2\/posts"}],"about":[{"href":"https:\/\/cdnoticias.com\/index.php\/wp-json\/wp\/v2\/types\/post"}],"author":[{"embeddable":true,"href":"https:\/\/cdnoticias.com\/index.php\/wp-json\/wp\/v2\/users\/5"}],"replies":[{"embeddable":true,"href":"https:\/\/cdnoticias.com\/index.php\/wp-json\/wp\/v2\/comments?post=25824"}],"version-history":[{"count":0,"href":"https:\/\/cdnoticias.com\/index.php\/wp-json\/wp\/v2\/posts\/25824\/revisions"}],"wp:featuredmedia":[{"embeddable":true,"href":"https:\/\/cdnoticias.com\/index.php\/wp-json\/wp\/v2\/media\/25825"}],"wp:attachment":[{"href":"https:\/\/cdnoticias.com\/index.php\/wp-json\/wp\/v2\/media?parent=25824"}],"wp:term":[{"taxonomy":"category","embeddable":true,"href":"https:\/\/cdnoticias.com\/index.php\/wp-json\/wp\/v2\/categories?post=25824"},{"taxonomy":"post_tag","embeddable":true,"href":"https:\/\/cdnoticias.com\/index.php\/wp-json\/wp\/v2\/tags?post=25824"}],"curies":[{"name":"wp","href":"https:\/\/api.w.org\/{rel}","templated":true}]}}