{"id":25819,"date":"2021-07-05T20:15:12","date_gmt":"2021-07-05T23:15:12","guid":{"rendered":"http:\/\/www.centraldenoticias.com.ar\/?p=25819"},"modified":"2021-07-05T21:05:26","modified_gmt":"2021-07-06T00:05:26","slug":"covid-en-el-centro-provincial-tambien-se-testean-asintomaticos","status":"publish","type":"post","link":"https:\/\/cdnoticias.com\/index.php\/2021\/07\/05\/covid-en-el-centro-provincial-tambien-se-testean-asintomaticos\/","title":{"rendered":"Covid: en el centro provincial, tambi\u00e9n se testean asintom\u00e1ticos"},"content":{"rendered":"<p>Lo destac\u00f3 la directora asociada de la Regi\u00f3n Sanitaria IX, Norma \u00c1lvarez Morello. Los testeos se realizan de 8 a 12 en Estrada 4141.<!--more--><\/p>\n<hr \/>\n<p><a href=\"https:\/\/cdnoticias.com\/index.php\/2021\/06\/08\/se-inauguro-el-centro-provincial-de-testeo-de-covid\/\" target=\"_blank\" rel=\"noopener\">Desde el 8 de junio<\/a> se mantiene con atenci\u00f3n al p\u00fablico el <strong>centro provincial de testeos contra el Covid en Olavarr\u00eda, que funciona en la sede de la Sociedad de Fomento Hip\u00f3lito Yrigoyen<\/strong>.<\/p>\n<p>&nbsp;<\/p>\n<p><strong>La directora asociada de la Regi\u00f3n Sanitaria IX, Norma \u00c1lvarez Morello<\/strong>, en di\u00e1logo con <strong>Central de Noticias<\/strong> <a href=\"https:\/\/cdnoticias.com\/index.php\/2021\/07\/05\/el-75-de-los-mas-de-70-000-olavarrienses-anotados-ya-estan-vacunados-con-una-dosis\/\" target=\"_blank\" rel=\"noopener\">por el avance de la vacunaci\u00f3n<\/a>, indic\u00f3 que <strong>\u201cse sigue trabajando en Estrada 4141\u201d<\/strong> donde la atenci\u00f3n es <strong>de 8 a 12<\/strong> \u201cpor demanda espont\u00e1nea\u201d.<\/p>\n<p>&nbsp;<\/p>\n<p><img data-recalc-dims=\"1\" loading=\"lazy\" decoding=\"async\" class=\"aligncenter wp-image-24916\" src=\"https:\/\/i0.wp.com\/cdnoticias.com\/wp-content\/uploads\/2021\/06\/testeos-covid-sociedad-de-fomento-hipolito-yrigoyen-00.jpg?resize=600%2C334&#038;ssl=1\" alt=\"\" width=\"600\" height=\"334\" srcset=\"https:\/\/i0.wp.com\/cdnoticias.com\/wp-content\/uploads\/2021\/06\/testeos-covid-sociedad-de-fomento-hipolito-yrigoyen-00.jpg?w=800&amp;ssl=1 800w, https:\/\/i0.wp.com\/cdnoticias.com\/wp-content\/uploads\/2021\/06\/testeos-covid-sociedad-de-fomento-hipolito-yrigoyen-00.jpg?resize=300%2C167&amp;ssl=1 300w, https:\/\/i0.wp.com\/cdnoticias.com\/wp-content\/uploads\/2021\/06\/testeos-covid-sociedad-de-fomento-hipolito-yrigoyen-00.jpg?resize=768%2C427&amp;ssl=1 768w\" sizes=\"auto, (max-width: 600px) 100vw, 600px\" \/><\/p>\n<p>En este sentido, record\u00f3 que tras lo dispuesto por el Ministerio de Salud de la provincia, <strong>tambi\u00e9n se realizan testeos a las personas asintom\u00e1ticas<\/strong>, adem\u00e1s de a quienes padecen s\u00edntomas asociados al Covid-19.<\/p>\n<p>&nbsp;<\/p>\n<blockquote><p>\u201cTambi\u00e9n hay personas a quienes que se les genera la duda porque estuvieron en contacto con alguien con s\u00edntomas, entonces puede acercarse al centro y van a ser testeados\u201d subray\u00f3 la m\u00e9dica.<\/p><\/blockquote>\n<p>&nbsp;<\/p>\n","protected":false},"excerpt":{"rendered":"<p>Lo destac\u00f3 la directora asociada de la Regi\u00f3n Sanitaria IX, Norma \u00c1lvarez Morello. Los testeos se realizan de 8 a<\/p>\n","protected":false},"author":4,"featured_media":25820,"comment_status":"closed","ping_status":"closed","sticky":false,"template":"","format":"standard","meta":{"_jetpack_memberships_contains_paid_content":false,"footnotes":""},"categories":[16,1],"tags":[],"class_list":["post-25819","post","type-post","status-publish","format-standard","has-post-thumbnail","hentry","category-covid-19","category-portada"],"jetpack_featured_media_url":"https:\/\/i0.wp.com\/cdnoticias.com\/wp-content\/uploads\/2021\/07\/norma-alvarez-morello-00.jpg?fit=800%2C445&ssl=1","jetpack_sharing_enabled":true,"_links":{"self":[{"href":"https:\/\/cdnoticias.com\/index.php\/wp-json\/wp\/v2\/posts\/25819","targetHints":{"allow":["GET"]}}],"collection":[{"href":"https:\/\/cdnoticias.com\/index.php\/wp-json\/wp\/v2\/posts"}],"about":[{"href":"https:\/\/cdnoticias.com\/index.php\/wp-json\/wp\/v2\/types\/post"}],"author":[{"embeddable":true,"href":"https:\/\/cdnoticias.com\/index.php\/wp-json\/wp\/v2\/users\/4"}],"replies":[{"embeddable":true,"href":"https:\/\/cdnoticias.com\/index.php\/wp-json\/wp\/v2\/comments?post=25819"}],"version-history":[{"count":0,"href":"https:\/\/cdnoticias.com\/index.php\/wp-json\/wp\/v2\/posts\/25819\/revisions"}],"wp:featuredmedia":[{"embeddable":true,"href":"https:\/\/cdnoticias.com\/index.php\/wp-json\/wp\/v2\/media\/25820"}],"wp:attachment":[{"href":"https:\/\/cdnoticias.com\/index.php\/wp-json\/wp\/v2\/media?parent=25819"}],"wp:term":[{"taxonomy":"category","embeddable":true,"href":"https:\/\/cdnoticias.com\/index.php\/wp-json\/wp\/v2\/categories?post=25819"},{"taxonomy":"post_tag","embeddable":true,"href":"https:\/\/cdnoticias.com\/index.php\/wp-json\/wp\/v2\/tags?post=25819"}],"curies":[{"name":"wp","href":"https:\/\/api.w.org\/{rel}","templated":true}]}}