{"id":25816,"date":"2021-07-05T14:16:20","date_gmt":"2021-07-05T17:16:20","guid":{"rendered":"http:\/\/www.centraldenoticias.com.ar\/?p=25816"},"modified":"2021-07-05T15:49:47","modified_gmt":"2021-07-05T18:49:47","slug":"el-75-de-los-mas-de-70-000-olavarrienses-anotados-ya-estan-vacunados-con-una-dosis","status":"publish","type":"post","link":"https:\/\/cdnoticias.com\/index.php\/2021\/07\/05\/el-75-de-los-mas-de-70-000-olavarrienses-anotados-ya-estan-vacunados-con-una-dosis\/","title":{"rendered":"\u201cEl 75% de los m\u00e1s de 70.000 olavarrienses anotados, ya est\u00e1n vacunados con una dosis\u201d"},"content":{"rendered":"<p>Lo inform\u00f3 el titular de la Regi\u00f3n Sanitaria IX, Ramiro Borzi, quien estuvo en el Centro Cultural Universitario. Unas 2.500 personas fueron citadas este lunes para vacunarse en Olavarr\u00eda.<!--more--><\/p>\n<hr \/>\n<p><strong>La jornada de vacunaci\u00f3n contra el Covid en Olavarr\u00eda dejar\u00e1 un gran avance: este lunes unas 2.500 personas fueron citadas para recibir la primera dosis<\/strong> y de ellas, <strong>1.300 recibieron turno en el Centro Cultural Universitario<\/strong> <a href=\"https:\/\/cdnoticias.com\/index.php\/2021\/07\/05\/la-vacunacion-en-olavarria-y-la-extensa-cola-en-el-centro-cultural-universitario\/\" target=\"_blank\" rel=\"noopener\">donde se observaron largas colas desde la ma\u00f1ana<\/a>.<\/p>\n<p>&nbsp;<\/p>\n<p>All\u00ed estuvieron <strong>el director de la Regi\u00f3n Sanitaria IX, Ramiro Borzi, y la directora asociada, Norma \u00c1lvarez Morello<\/strong>, quienes se acercaron para acompa\u00f1ar el desarrollo de la jornada.<\/p>\n<p>&nbsp;<\/p>\n<p>\u201cEn realidad es un d\u00eda muy particular. Se dieron 1.300 turnos ac\u00e1 y m\u00e1s de 2.500 turnos en toda la ciudad. Reforzamos este dispositivo, <strong>estamos acompa\u00f1ando el trabajo del equipo y la coordinaci\u00f3n. Vamos afuera, charlamos con la gente, le contamos cu\u00e1l es la situaci\u00f3n<\/strong>. Todo el mundo lo toma con agrado y esperan\u201d resalt\u00f3 <strong>Borzi<\/strong> en una entrevista con <strong>Central de Noticias<\/strong>.<\/p>\n<p>&nbsp;<\/p>\n<p><img data-recalc-dims=\"1\" loading=\"lazy\" decoding=\"async\" class=\"size-large wp-image-25790 aligncenter\" src=\"https:\/\/i0.wp.com\/cdnoticias.com\/wp-content\/uploads\/2021\/07\/vacunacion-3.jpg?resize=800%2C445&#038;ssl=1\" alt=\"\" width=\"800\" height=\"445\" srcset=\"https:\/\/i0.wp.com\/cdnoticias.com\/wp-content\/uploads\/2021\/07\/vacunacion-3.jpg?resize=1024%2C570&amp;ssl=1 1024w, https:\/\/i0.wp.com\/cdnoticias.com\/wp-content\/uploads\/2021\/07\/vacunacion-3.jpg?resize=300%2C167&amp;ssl=1 300w, https:\/\/i0.wp.com\/cdnoticias.com\/wp-content\/uploads\/2021\/07\/vacunacion-3.jpg?resize=768%2C427&amp;ssl=1 768w, https:\/\/i0.wp.com\/cdnoticias.com\/wp-content\/uploads\/2021\/07\/vacunacion-3.jpg?resize=800%2C445&amp;ssl=1 800w, https:\/\/i0.wp.com\/cdnoticias.com\/wp-content\/uploads\/2021\/07\/vacunacion-3.jpg?w=1600&amp;ssl=1 1600w, https:\/\/i0.wp.com\/cdnoticias.com\/wp-content\/uploads\/2021\/07\/vacunacion-3.jpg?w=2400&amp;ssl=1 2400w\" sizes=\"auto, (max-width: 800px) 100vw, 800px\" \/><\/p>\n<p>&nbsp;<\/p>\n<p><strong>\u00c1lvarez Morello<\/strong> agreg\u00f3,<a href=\"https:\/\/cdnoticias.com\/index.php\/2021\/07\/05\/natalia-alvarez-viene-muy-bien-y-es-agil-no-se-queda-la-gente-por-mucho-tiempo\/\" target=\"_blank\" rel=\"noopener\"> en coincidencia con lo expresado por la coordinadora del centro de vacunaci\u00f3n Natalia \u00c1lvarez<\/a>, que \u201c<strong>la cola se viene moviendo tambi\u00e9n con mucha agilidad<\/strong>. Estamos presentes con Ramiro viendo que todo el circuito aparte de estar aceitado que no haya demoras en alguna de las partes de la posta. Justamente para que la demora sea m\u00ednima y <strong>que todos cumplamos con este objetivo que es la vacunaci\u00f3n<\/strong>\u201d.<\/p>\n<p>&nbsp;<\/p>\n<p><strong>Cobertura del 75%<\/strong><\/p>\n<p>&nbsp;<\/p>\n<p><em>-\u00bfC\u00f3mo es el porcentaje de vacunados respecto de los anotados?<\/em><\/p>\n<p>&nbsp;<\/p>\n<p>Ramiro Borzi: En Olavarr\u00eda <strong>el 75% de los m\u00e1s de 70.000 olavarrienses anotados ya est\u00e1n vacunados con una dosis<\/strong>.<\/p>\n<p>&nbsp;<\/p>\n<blockquote><p>Cuando uno empieza a analizar por grupos objetivo, el 97% de los mayores de 60 est\u00e1n vacunados, el 94% de las personas entre 50 y 59 est\u00e1n vacunados, el 89% de las personas entre 18 y 50 a\u00f1os con alg\u00fan factor de riesgo ya est\u00e1n vacunados.<\/p><\/blockquote>\n<p>&nbsp;<\/p>\n<p>A partir de la iniciativa del gobernador, estos grupos objetivos pueden venir de forma espont\u00e1nea, m\u00e1s las personas gestantes. Pero <strong>la idea es que se siga escribiendo aquel que no tiene factor de riesgo y que es menor de 50 para poder vacunarse<\/strong>.<\/p>\n<p>&nbsp;<\/p>\n<p><img data-recalc-dims=\"1\" loading=\"lazy\" decoding=\"async\" class=\"size-large wp-image-25793 aligncenter\" src=\"https:\/\/i0.wp.com\/cdnoticias.com\/wp-content\/uploads\/2021\/07\/vacunacion-6.jpg?resize=800%2C445&#038;ssl=1\" alt=\"\" width=\"800\" height=\"445\" srcset=\"https:\/\/i0.wp.com\/cdnoticias.com\/wp-content\/uploads\/2021\/07\/vacunacion-6.jpg?resize=1024%2C570&amp;ssl=1 1024w, https:\/\/i0.wp.com\/cdnoticias.com\/wp-content\/uploads\/2021\/07\/vacunacion-6.jpg?resize=300%2C167&amp;ssl=1 300w, https:\/\/i0.wp.com\/cdnoticias.com\/wp-content\/uploads\/2021\/07\/vacunacion-6.jpg?resize=768%2C427&amp;ssl=1 768w, https:\/\/i0.wp.com\/cdnoticias.com\/wp-content\/uploads\/2021\/07\/vacunacion-6.jpg?resize=800%2C445&amp;ssl=1 800w, https:\/\/i0.wp.com\/cdnoticias.com\/wp-content\/uploads\/2021\/07\/vacunacion-6.jpg?w=1600&amp;ssl=1 1600w, https:\/\/i0.wp.com\/cdnoticias.com\/wp-content\/uploads\/2021\/07\/vacunacion-6.jpg?w=2400&amp;ssl=1 2400w\" sizes=\"auto, (max-width: 800px) 100vw, 800px\" \/><\/p>\n<p>&nbsp;<\/p>\n<p><em>-\u00bfC\u00f3mo es el avance a nivel de la Regi\u00f3n IX?<\/em><\/p>\n<p>&nbsp;<\/p>\n<p>R: Muy similar. <strong>Entre 75%, alg\u00fan punto m\u00e1s o menos, de los inscriptos ya est\u00e1n vacunados en todas las ciudades<\/strong>.<\/p>\n<p>&nbsp;<\/p>\n<p>Tambi\u00e9n <strong>desde lo epidemiol\u00f3gico estamos en un escenario favorable respecto de lo que era hace un mes<\/strong>. Tuvimos un pico en esta segunda ola de 3.150 casos activos, que sabemos que eso lleva a un n\u00famero determinado de hospitalizaciones y de hospitalizaciones en UTI, y de fallecimientos tambi\u00e9n, lamentablemente.<\/p>\n<p>&nbsp;<\/p>\n<blockquote><p>En este momento hay menos de la mitad, hay menos de 1500 en toda la regi\u00f3n, lo cual si bien es favorable tampoco es para relajarse.<\/p><\/blockquote>\n<p>&nbsp;<\/p>\n<p><img data-recalc-dims=\"1\" loading=\"lazy\" decoding=\"async\" class=\"size-large wp-image-25788 aligncenter\" src=\"https:\/\/i0.wp.com\/cdnoticias.com\/wp-content\/uploads\/2021\/07\/vacunacion-1.jpg?resize=800%2C445&#038;ssl=1\" alt=\"\" width=\"800\" height=\"445\" srcset=\"https:\/\/i0.wp.com\/cdnoticias.com\/wp-content\/uploads\/2021\/07\/vacunacion-1.jpg?resize=1024%2C570&amp;ssl=1 1024w, https:\/\/i0.wp.com\/cdnoticias.com\/wp-content\/uploads\/2021\/07\/vacunacion-1.jpg?resize=300%2C167&amp;ssl=1 300w, https:\/\/i0.wp.com\/cdnoticias.com\/wp-content\/uploads\/2021\/07\/vacunacion-1.jpg?resize=768%2C427&amp;ssl=1 768w, https:\/\/i0.wp.com\/cdnoticias.com\/wp-content\/uploads\/2021\/07\/vacunacion-1.jpg?resize=800%2C445&amp;ssl=1 800w, https:\/\/i0.wp.com\/cdnoticias.com\/wp-content\/uploads\/2021\/07\/vacunacion-1.jpg?w=1600&amp;ssl=1 1600w, https:\/\/i0.wp.com\/cdnoticias.com\/wp-content\/uploads\/2021\/07\/vacunacion-1.jpg?w=2400&amp;ssl=1 2400w\" sizes=\"auto, (max-width: 800px) 100vw, 800px\" \/><\/p>\n","protected":false},"excerpt":{"rendered":"<p>Lo inform\u00f3 el titular de la Regi\u00f3n Sanitaria IX, Ramiro Borzi, quien estuvo en el Centro Cultural Universitario. Unas 2.500<\/p>\n","protected":false},"author":4,"featured_media":25789,"comment_status":"closed","ping_status":"closed","sticky":false,"template":"","format":"standard","meta":{"_jetpack_memberships_contains_paid_content":false,"footnotes":""},"categories":[16,1],"tags":[],"class_list":["post-25816","post","type-post","status-publish","format-standard","has-post-thumbnail","hentry","category-covid-19","category-portada"],"jetpack_featured_media_url":"https:\/\/i0.wp.com\/cdnoticias.com\/wp-content\/uploads\/2021\/07\/vacunacion-2.jpg?fit=4491%2C2499&ssl=1","jetpack_sharing_enabled":true,"_links":{"self":[{"href":"https:\/\/cdnoticias.com\/index.php\/wp-json\/wp\/v2\/posts\/25816","targetHints":{"allow":["GET"]}}],"collection":[{"href":"https:\/\/cdnoticias.com\/index.php\/wp-json\/wp\/v2\/posts"}],"about":[{"href":"https:\/\/cdnoticias.com\/index.php\/wp-json\/wp\/v2\/types\/post"}],"author":[{"embeddable":true,"href":"https:\/\/cdnoticias.com\/index.php\/wp-json\/wp\/v2\/users\/4"}],"replies":[{"embeddable":true,"href":"https:\/\/cdnoticias.com\/index.php\/wp-json\/wp\/v2\/comments?post=25816"}],"version-history":[{"count":0,"href":"https:\/\/cdnoticias.com\/index.php\/wp-json\/wp\/v2\/posts\/25816\/revisions"}],"wp:featuredmedia":[{"embeddable":true,"href":"https:\/\/cdnoticias.com\/index.php\/wp-json\/wp\/v2\/media\/25789"}],"wp:attachment":[{"href":"https:\/\/cdnoticias.com\/index.php\/wp-json\/wp\/v2\/media?parent=25816"}],"wp:term":[{"taxonomy":"category","embeddable":true,"href":"https:\/\/cdnoticias.com\/index.php\/wp-json\/wp\/v2\/categories?post=25816"},{"taxonomy":"post_tag","embeddable":true,"href":"https:\/\/cdnoticias.com\/index.php\/wp-json\/wp\/v2\/tags?post=25816"}],"curies":[{"name":"wp","href":"https:\/\/api.w.org\/{rel}","templated":true}]}}