{"id":25813,"date":"2021-07-05T13:57:41","date_gmt":"2021-07-05T16:57:41","guid":{"rendered":"http:\/\/www.centraldenoticias.com.ar\/?p=25813"},"modified":"2021-07-05T13:57:41","modified_gmt":"2021-07-05T16:57:41","slug":"massa-tenemos-que-transformar-los-planes-sociales-en-planes-de-empleo","status":"publish","type":"post","link":"https:\/\/cdnoticias.com\/index.php\/2021\/07\/05\/massa-tenemos-que-transformar-los-planes-sociales-en-planes-de-empleo\/","title":{"rendered":"Massa: &#8220;Tenemos que transformar los planes sociales en planes de empleo&#8221;"},"content":{"rendered":"<p>As\u00ed lo expres\u00f3 presidente de la C\u00e1mara de Diputados, Sergio Massa, durante una recorrida por una pyme de Pilar, junto al intendente Federico Achaval y al diputado provincial Jorge D&#8217; Onofrio. &#8220;El plan social es la emergencia. Lo permanente y digno es el trabajo&#8221;, sostuvo.<!--more--><\/p>\n<hr \/>\n<p>Este lunes,<strong> Sergio Massa, Federico Achaval y Jorge D&#8217; Onofrio visitaron el Establecimiento Gr\u00e1fico e Impresores, una pyme familiar con m\u00e1s de 52 a\u00f1os de historia en Pilar.<\/strong><\/p>\n<p>&nbsp;<\/p>\n<p>En ese contexto, el titular de Diputados destac\u00f3 la producci\u00f3n de la f\u00e1brica que actualmente emplea a 500 vecinos y remarc\u00f3 que hay que <strong><em>&#8220;transformar los planes sociales en planes de empleo&#8221;.<\/em><\/strong><\/p>\n<p>&nbsp;<\/p>\n<blockquote><p>&#8220;El plan social es la emergencia. Lo permanente y digno es el trabajo. Tenemos que hacerlo por Ley, para obligar al Estado a recorrer ese camino&#8221;, agreg\u00f3 Massa.<\/p><\/blockquote>\n<p>&nbsp;<\/p>\n<p>Y finaliz\u00f3:<em> &#8220;Hay que establecer que el plan tenga contraprestaci\u00f3n laboral y terminalidad educativa obligatoria&#8221;.<\/em><\/p>\n","protected":false},"excerpt":{"rendered":"<p>As\u00ed lo expres\u00f3 presidente de la C\u00e1mara de Diputados, Sergio Massa, durante una recorrida por una pyme de Pilar, junto<\/p>\n","protected":false},"author":4,"featured_media":25814,"comment_status":"closed","ping_status":"closed","sticky":false,"template":"","format":"standard","meta":{"_jetpack_memberships_contains_paid_content":false,"footnotes":""},"categories":[6,1],"tags":[],"class_list":["post-25813","post","type-post","status-publish","format-standard","has-post-thumbnail","hentry","category-nacionales","category-portada"],"jetpack_featured_media_url":"https:\/\/i0.wp.com\/cdnoticias.com\/wp-content\/uploads\/2021\/07\/WhatsApp-Image-2021-07-05-at-13.52.19.jpeg?fit=1039%2C730&ssl=1","jetpack_sharing_enabled":true,"_links":{"self":[{"href":"https:\/\/cdnoticias.com\/index.php\/wp-json\/wp\/v2\/posts\/25813","targetHints":{"allow":["GET"]}}],"collection":[{"href":"https:\/\/cdnoticias.com\/index.php\/wp-json\/wp\/v2\/posts"}],"about":[{"href":"https:\/\/cdnoticias.com\/index.php\/wp-json\/wp\/v2\/types\/post"}],"author":[{"embeddable":true,"href":"https:\/\/cdnoticias.com\/index.php\/wp-json\/wp\/v2\/users\/4"}],"replies":[{"embeddable":true,"href":"https:\/\/cdnoticias.com\/index.php\/wp-json\/wp\/v2\/comments?post=25813"}],"version-history":[{"count":0,"href":"https:\/\/cdnoticias.com\/index.php\/wp-json\/wp\/v2\/posts\/25813\/revisions"}],"wp:featuredmedia":[{"embeddable":true,"href":"https:\/\/cdnoticias.com\/index.php\/wp-json\/wp\/v2\/media\/25814"}],"wp:attachment":[{"href":"https:\/\/cdnoticias.com\/index.php\/wp-json\/wp\/v2\/media?parent=25813"}],"wp:term":[{"taxonomy":"category","embeddable":true,"href":"https:\/\/cdnoticias.com\/index.php\/wp-json\/wp\/v2\/categories?post=25813"},{"taxonomy":"post_tag","embeddable":true,"href":"https:\/\/cdnoticias.com\/index.php\/wp-json\/wp\/v2\/tags?post=25813"}],"curies":[{"name":"wp","href":"https:\/\/api.w.org\/{rel}","templated":true}]}}