{"id":25808,"date":"2021-07-05T13:01:35","date_gmt":"2021-07-05T16:01:35","guid":{"rendered":"http:\/\/www.centraldenoticias.com.ar\/?p=25808"},"modified":"2021-07-05T13:01:35","modified_gmt":"2021-07-05T16:01:35","slug":"natalia-alvarez-viene-muy-bien-y-es-agil-no-se-queda-la-gente-por-mucho-tiempo","status":"publish","type":"post","link":"https:\/\/cdnoticias.com\/index.php\/2021\/07\/05\/natalia-alvarez-viene-muy-bien-y-es-agil-no-se-queda-la-gente-por-mucho-tiempo\/","title":{"rendered":"Natalia \u00c1lvarez: \u201cviene muy bien y es \u00e1gil, no se queda la gente por mucho tiempo\u201d"},"content":{"rendered":"<p>La coordinadora del vacunatorio del Centro Cultural Universitario dialog\u00f3 con Central de Noticias acerca de este \u201cd\u00eda at\u00edpico\u201d. Los peque\u00f1os cambios de un sistema \u201cbien pensado\u201d seg\u00fan explic\u00f3.\u00a0<!--more--><\/p>\n<hr \/>\n<p>Con im\u00e1genes distintas por la <a href=\"https:\/\/cdnoticias.com\/index.php\/2021\/07\/05\/la-vacunacion-en-olavarria-y-la-extensa-cola-en-el-centro-cultural-universitario\/\" target=\"_blank\" rel=\"noopener\">gran cantidad de olavarrienses que acudieron a los centros de vacunaci\u00f3n<\/a> (se distribuyeron 2.500 turnos solo para este lunes) <strong>la coordinadora del vacunatorio del Centro Cultural Universitario, Natalia \u00c1lvarez, explic\u00f3 en di\u00e1logo con Central de Noticias los peque\u00f1os cambios en el sistema que est\u00e1 \u201cbien pensado\u201d y es \u201c\u00e1gil\u201d.<\/strong><\/p>\n<p>&nbsp;<\/p>\n<p>Ante las largas colas, se\u00f1al\u00f3 que se trata de un <em>\u201cd\u00eda bastante at\u00edpico\u201d<\/em> dado que <em>\u201clo m\u00e1ximo que nos han llegado son 500 turnos\u201d<\/em> y para<strong> este lunes esa cifra casi se triplica.<\/strong> <em>\u201cLo que hicimos fue reforzar un poco el sistema, que igual est\u00e1 s\u00faper bien pensado. Es \u00e1gil, est\u00e1 pensado con todos los protocolos, pero ajustamos algunas cosas y estamos viendo c\u00f3mo abreviar algunos m\u00e9todos, en general de control que tenemos, pero<strong> viene b\u00e1rbaro el d\u00eda. Viene muy bien y es \u00e1gil, no se queda la gente por mucho tiempo en la espera<\/strong>\u201d<\/em> dijo.<\/p>\n<p>&nbsp;<\/p>\n<p><img data-recalc-dims=\"1\" loading=\"lazy\" decoding=\"async\" class=\"alignnone size-large wp-image-25796\" src=\"https:\/\/i0.wp.com\/cdnoticias.com\/wp-content\/uploads\/2021\/07\/vacunacion-9.jpg?resize=800%2C445&#038;ssl=1\" alt=\"\" width=\"800\" height=\"445\" srcset=\"https:\/\/i0.wp.com\/cdnoticias.com\/wp-content\/uploads\/2021\/07\/vacunacion-9.jpg?resize=1024%2C569&amp;ssl=1 1024w, https:\/\/i0.wp.com\/cdnoticias.com\/wp-content\/uploads\/2021\/07\/vacunacion-9.jpg?resize=300%2C167&amp;ssl=1 300w, https:\/\/i0.wp.com\/cdnoticias.com\/wp-content\/uploads\/2021\/07\/vacunacion-9.jpg?resize=768%2C427&amp;ssl=1 768w, https:\/\/i0.wp.com\/cdnoticias.com\/wp-content\/uploads\/2021\/07\/vacunacion-9.jpg?resize=800%2C445&amp;ssl=1 800w, https:\/\/i0.wp.com\/cdnoticias.com\/wp-content\/uploads\/2021\/07\/vacunacion-9.jpg?w=1600&amp;ssl=1 1600w, https:\/\/i0.wp.com\/cdnoticias.com\/wp-content\/uploads\/2021\/07\/vacunacion-9.jpg?w=2400&amp;ssl=1 2400w\" sizes=\"auto, (max-width: 800px) 100vw, 800px\" \/><\/p>\n<p>&nbsp;<\/p>\n<p>En lo que va de la campa\u00f1a es la jornada con m\u00e1s turnos: de todos modos, la espera se reduce por la gran afluencia de personas.<strong><em> \u201cNo sigue la misma log\u00edstica esta vez. Depende mucho de las turneras eso, porque s\u00ed hay varias marcas de vacunas que vienen multidosis y hay que juntar 10 o 5 personas, pero cuando hay un flujo constante de gente eso se agiliza un mont\u00f3n\u201d.<\/em><\/strong><\/p>\n<p>&nbsp;<\/p>\n<p>Este lunes, en tanto, trabajaban con dosis de Sputnik V que<em> \u201cson viales de cinco dosis, pero bueno, cinco personas juntamos f\u00e1cil\u201d.<\/em><\/p>\n<p>&nbsp;<\/p>\n<blockquote><p>En el vacunatorio son 17 trabajadores y seg\u00fan expres\u00f3 \u00c1lvarez, \u201ces el equipo de trabajo habitual\u201d. Por la afluencia de gente, Regi\u00f3n Sanitaria IX aport\u00f3 algunas personas m\u00e1s.<\/p><\/blockquote>\n<p>&nbsp;<\/p>\n<p>Con respecto a las <strong>consultas de aquellos que se vacunan<\/strong>, \u00c1lvarez admiti\u00f3 que<em> \u201chay un mont\u00f3n\u201d<\/em> y que encabeza <strong><em>\u201cpreguntar qu\u00e9 vacuna se va a aplicar en el d\u00eda. Todo el mundo tiene esa curiosidad bastante particular\u201d<\/em><\/strong>. Adem\u00e1s, se consulta<em> \u201csi hay efectos adversos, c\u00f3mo funciona el sistema, cu\u00e1nto esperar para la segunda dosis.<strong> Todo eso la gente lo pregunta mucho porque hay todo un movimiento en los medios sobre segundas dosis y dicen que no <\/strong><\/em><em><strong>llegan, entonces nos preguntan si van a llegar, les explicamos que s\u00ed<\/strong>\u201d.<\/em><\/p>\n<p>&nbsp;<\/p>\n<p><img data-recalc-dims=\"1\" loading=\"lazy\" decoding=\"async\" class=\"alignnone size-large wp-image-25794\" src=\"https:\/\/i0.wp.com\/cdnoticias.com\/wp-content\/uploads\/2021\/07\/vacunacion-7.jpg?resize=800%2C445&#038;ssl=1\" alt=\"\" width=\"800\" height=\"445\" srcset=\"https:\/\/i0.wp.com\/cdnoticias.com\/wp-content\/uploads\/2021\/07\/vacunacion-7.jpg?resize=1024%2C570&amp;ssl=1 1024w, https:\/\/i0.wp.com\/cdnoticias.com\/wp-content\/uploads\/2021\/07\/vacunacion-7.jpg?resize=300%2C167&amp;ssl=1 300w, https:\/\/i0.wp.com\/cdnoticias.com\/wp-content\/uploads\/2021\/07\/vacunacion-7.jpg?resize=768%2C427&amp;ssl=1 768w, https:\/\/i0.wp.com\/cdnoticias.com\/wp-content\/uploads\/2021\/07\/vacunacion-7.jpg?resize=800%2C445&amp;ssl=1 800w, https:\/\/i0.wp.com\/cdnoticias.com\/wp-content\/uploads\/2021\/07\/vacunacion-7.jpg?w=1600&amp;ssl=1 1600w, https:\/\/i0.wp.com\/cdnoticias.com\/wp-content\/uploads\/2021\/07\/vacunacion-7.jpg?w=2400&amp;ssl=1 2400w\" sizes=\"auto, (max-width: 800px) 100vw, 800px\" \/><\/p>\n<p>&nbsp;<\/p>\n<p>Adem\u00e1s, tambi\u00e9n<strong> prevalecen las consultas sobre la posibilidad de hacer actividad f\u00edsica o tomar alcohol despu\u00e9s de inocularse.<\/strong> <em>\u201cPor ah\u00ed hoy es un p\u00fablico s\u00faper joven y no parece tanto a la consulta de si siguen tomando mediaci\u00f3n normalmente. De todas maneras las vacunadoras, una vez que aplican explican cu\u00e1l es el cuidado que hay que tener: no tener una actividad f\u00edsica muy intensa, no tomar alcohol. A veces la gente lo pregunta anticipadamente pero siempre lo explican ellas\u201d.<\/em><\/p>\n","protected":false},"excerpt":{"rendered":"<p>La coordinadora del vacunatorio del Centro Cultural Universitario dialog\u00f3 con Central de Noticias acerca de este \u201cd\u00eda at\u00edpico\u201d. Los peque\u00f1os<\/p>\n","protected":false},"author":2,"featured_media":25791,"comment_status":"closed","ping_status":"closed","sticky":false,"template":"","format":"standard","meta":{"_jetpack_memberships_contains_paid_content":false,"footnotes":""},"categories":[16,1],"tags":[],"class_list":["post-25808","post","type-post","status-publish","format-standard","has-post-thumbnail","hentry","category-covid-19","category-portada"],"jetpack_featured_media_url":"https:\/\/i0.wp.com\/cdnoticias.com\/wp-content\/uploads\/2021\/07\/vacunacion-4.jpg?fit=4608%2C2564&ssl=1","jetpack_sharing_enabled":true,"_links":{"self":[{"href":"https:\/\/cdnoticias.com\/index.php\/wp-json\/wp\/v2\/posts\/25808","targetHints":{"allow":["GET"]}}],"collection":[{"href":"https:\/\/cdnoticias.com\/index.php\/wp-json\/wp\/v2\/posts"}],"about":[{"href":"https:\/\/cdnoticias.com\/index.php\/wp-json\/wp\/v2\/types\/post"}],"author":[{"embeddable":true,"href":"https:\/\/cdnoticias.com\/index.php\/wp-json\/wp\/v2\/users\/2"}],"replies":[{"embeddable":true,"href":"https:\/\/cdnoticias.com\/index.php\/wp-json\/wp\/v2\/comments?post=25808"}],"version-history":[{"count":0,"href":"https:\/\/cdnoticias.com\/index.php\/wp-json\/wp\/v2\/posts\/25808\/revisions"}],"wp:featuredmedia":[{"embeddable":true,"href":"https:\/\/cdnoticias.com\/index.php\/wp-json\/wp\/v2\/media\/25791"}],"wp:attachment":[{"href":"https:\/\/cdnoticias.com\/index.php\/wp-json\/wp\/v2\/media?parent=25808"}],"wp:term":[{"taxonomy":"category","embeddable":true,"href":"https:\/\/cdnoticias.com\/index.php\/wp-json\/wp\/v2\/categories?post=25808"},{"taxonomy":"post_tag","embeddable":true,"href":"https:\/\/cdnoticias.com\/index.php\/wp-json\/wp\/v2\/tags?post=25808"}],"curies":[{"name":"wp","href":"https:\/\/api.w.org\/{rel}","templated":true}]}}