{"id":25768,"date":"2021-07-05T09:41:56","date_gmt":"2021-07-05T12:41:56","guid":{"rendered":"http:\/\/www.centraldenoticias.com.ar\/?p=25768"},"modified":"2021-07-05T09:41:56","modified_gmt":"2021-07-05T12:41:56","slug":"vacaciones-de-invierno-el-ministro-de-produccion-afirmo-que-no-va-a-estar-restringido-el-turismo","status":"publish","type":"post","link":"https:\/\/cdnoticias.com\/index.php\/2021\/07\/05\/vacaciones-de-invierno-el-ministro-de-produccion-afirmo-que-no-va-a-estar-restringido-el-turismo\/","title":{"rendered":"Vacaciones de invierno: el ministro de Producci\u00f3n afirm\u00f3 que \u201cno va a estar restringido el turismo\u201d"},"content":{"rendered":"<p>Augusto Costa sostuvo que \u201cvamos a tener vacaciones de invierno\u201d. El ministro dijo que ser\u00e1n similares a la temporada de verano en cuanto a requisitos para viajar.<!--more--><\/p>\n<hr \/>\n<p><strong>El Ministro de Producci\u00f3n, Ciencia e Innovaci\u00f3n Tecnol\u00f3gica de la Provincia de Buenos Aires, Augusto Costa, asegur\u00f3 que \u201cva a haber temporada de invierno\u201d<\/strong> pero recalc\u00f3 la necesidad de que quienes tengan oportunidad de viajar, lo hagan manteniendo los cuidados individuales y sociales para que no haya riesgos en medio de la pandemia.<\/p>\n<p>&nbsp;<\/p>\n<blockquote><p>\u201cNo va a estar restringido el turismo en la provincia de Buenos Aires entre el 19 y el 30 de julio, se va a poder viajar con el certificado igual al del verano y manteniendo el cumplimiento de protocolos individuales y en los establecimientos, de esa forma vamos a poder tener vacaciones de invierno\u201d, dijo el funcionario en declaraciones a Radio 10.<\/p><\/blockquote>\n<p>&nbsp;<\/p>\n<p>El \u00fanico requisito a tener en cuenta para quienes puedan viajar ser\u00e1 <strong>utilizar la aplicaci\u00f3n Cuidar<\/strong>, y seguir los pasos de la secci\u00f3n turismo. \u201cEs la misma aplicaci\u00f3n que se utiliza para movernos y la misma que se us\u00f3 en el verano\u201d, indic\u00f3 Costa.<\/p>\n<p>&nbsp;<\/p>\n<p><strong>Rigen las fases<\/strong><\/p>\n<p>&nbsp;<\/p>\n<p><strong>Sobre las restricciones en los distintos municipios, el ministro hizo referencia a la fase en la que se encuentre cada distrito<\/strong>. En la costa bonaerense, hay distritos en fase 2 y fase 3. \u201cEn el hotel va a haber aforos relacionados con los cumplimientos de los protocolos de distancia, como en el verano, con la l\u00f3gica restringida de acuerdo a las fases\u201d, apunt\u00f3 el ministro, y se\u00f1al\u00f3 que \u201cya en fase 3 est\u00e1 restringido el ingreso a la gastronom\u00eda a lugares cerrados, solo est\u00e1 permitido el take away y el delivery\u201d.<\/p>\n<p>&nbsp;<\/p>\n<p>En esa l\u00ednea, el funcionario remarc\u00f3 que de todas maneras \u201cla pandemia no termin\u00f3, por lo que <strong>no es lo m\u00e1s recomendable desplazarse o circular<\/strong>, pero quien tiene la posibilidad de viajar que lo haga cumpliendo con las normas\u201d.<\/p>\n<p>&nbsp;<\/p>\n<p>En tanto, poniendo un voto de confianza en la ciudadan\u00eda, sostuvo que <strong>en verano \u201ccasi 7 millones y medio de personas fueron a los centros vacacionales y se logr\u00f3 hacer temporada\u201d<\/strong>, y a\u00f1adi\u00f3 que del mismo modo \u201ces una temporada de invierno cualquiera y los protocolos se tienen que mantener de una manera estricta\u201d.<\/p>\n<p>&nbsp;<\/p>\n<p>Fuente:<em> Agencia DIB<\/em><\/p>\n","protected":false},"excerpt":{"rendered":"<p>Augusto Costa sostuvo que \u201cvamos a tener vacaciones de invierno\u201d. El ministro dijo que ser\u00e1n similares a la temporada de<\/p>\n","protected":false},"author":4,"featured_media":25770,"comment_status":"closed","ping_status":"closed","sticky":false,"template":"","format":"standard","meta":{"_jetpack_memberships_contains_paid_content":false,"footnotes":""},"categories":[6,1],"tags":[],"class_list":["post-25768","post","type-post","status-publish","format-standard","has-post-thumbnail","hentry","category-nacionales","category-portada"],"jetpack_featured_media_url":"https:\/\/i0.wp.com\/cdnoticias.com\/wp-content\/uploads\/2021\/07\/DIB-Augusto-Costa-696x464.jpg?fit=696%2C464&ssl=1","jetpack_sharing_enabled":true,"_links":{"self":[{"href":"https:\/\/cdnoticias.com\/index.php\/wp-json\/wp\/v2\/posts\/25768","targetHints":{"allow":["GET"]}}],"collection":[{"href":"https:\/\/cdnoticias.com\/index.php\/wp-json\/wp\/v2\/posts"}],"about":[{"href":"https:\/\/cdnoticias.com\/index.php\/wp-json\/wp\/v2\/types\/post"}],"author":[{"embeddable":true,"href":"https:\/\/cdnoticias.com\/index.php\/wp-json\/wp\/v2\/users\/4"}],"replies":[{"embeddable":true,"href":"https:\/\/cdnoticias.com\/index.php\/wp-json\/wp\/v2\/comments?post=25768"}],"version-history":[{"count":0,"href":"https:\/\/cdnoticias.com\/index.php\/wp-json\/wp\/v2\/posts\/25768\/revisions"}],"wp:featuredmedia":[{"embeddable":true,"href":"https:\/\/cdnoticias.com\/index.php\/wp-json\/wp\/v2\/media\/25770"}],"wp:attachment":[{"href":"https:\/\/cdnoticias.com\/index.php\/wp-json\/wp\/v2\/media?parent=25768"}],"wp:term":[{"taxonomy":"category","embeddable":true,"href":"https:\/\/cdnoticias.com\/index.php\/wp-json\/wp\/v2\/categories?post=25768"},{"taxonomy":"post_tag","embeddable":true,"href":"https:\/\/cdnoticias.com\/index.php\/wp-json\/wp\/v2\/tags?post=25768"}],"curies":[{"name":"wp","href":"https:\/\/api.w.org\/{rel}","templated":true}]}}