{"id":25756,"date":"2021-07-04T20:45:22","date_gmt":"2021-07-04T23:45:22","guid":{"rendered":"http:\/\/www.centraldenoticias.com.ar\/?p=25756"},"modified":"2021-07-04T20:21:34","modified_gmt":"2021-07-04T23:21:34","slug":"este-domingo-mas-de-800-olavarrienses-recibieron-su-primera-dosis-contra-el-covid19","status":"publish","type":"post","link":"https:\/\/cdnoticias.com\/index.php\/2021\/07\/04\/este-domingo-mas-de-800-olavarrienses-recibieron-su-primera-dosis-contra-el-covid19\/","title":{"rendered":"Este domingo m\u00e1s de 800 olavarrienses recibieron su primera dosis contra el Covid19"},"content":{"rendered":"<p>Avanza el plan provincial de vacunaci\u00f3n. Las aplicaciones fueron tanto en el Servicio Territorial 2 como en la Facultad de Ciencias de la Salud de Unicen.<!--more--><\/p>\n<hr \/>\n<p>Durante la jornada de este domingo<strong> no hubo receso para el plan provincial de vacunaci\u00f3n<\/strong>, al punto que m\u00e1s de 800 olavarrienses recibieron su primera dosis.<\/p>\n<p>&nbsp;<\/p>\n<p>De acuerdo con lo que se precis\u00f3 desde Regi\u00f3n Sanitaria IX, <strong>fueron en total 838 las vacunas aplicadas<\/strong>, una labor conjunta desarrollada tanto en la Facultad de Ciencias de la Salud como en el Servicio Territorial Municipal 2, donde fueron inoculadas 384 y 424 personas respectivamente.<\/p>\n<p>&nbsp;<\/p>\n<p><img data-recalc-dims=\"1\" loading=\"lazy\" decoding=\"async\" class=\"alignnone size-large wp-image-24912\" src=\"https:\/\/i0.wp.com\/cdnoticias.com\/wp-content\/uploads\/2021\/06\/WhatsApp-Image-2021-06-24-at-19.56.03.jpeg?resize=800%2C491&#038;ssl=1\" alt=\"\" width=\"800\" height=\"491\" srcset=\"https:\/\/i0.wp.com\/cdnoticias.com\/wp-content\/uploads\/2021\/06\/WhatsApp-Image-2021-06-24-at-19.56.03.jpeg?resize=1024%2C628&amp;ssl=1 1024w, https:\/\/i0.wp.com\/cdnoticias.com\/wp-content\/uploads\/2021\/06\/WhatsApp-Image-2021-06-24-at-19.56.03.jpeg?resize=300%2C184&amp;ssl=1 300w, https:\/\/i0.wp.com\/cdnoticias.com\/wp-content\/uploads\/2021\/06\/WhatsApp-Image-2021-06-24-at-19.56.03.jpeg?resize=768%2C471&amp;ssl=1 768w, https:\/\/i0.wp.com\/cdnoticias.com\/wp-content\/uploads\/2021\/06\/WhatsApp-Image-2021-06-24-at-19.56.03.jpeg?w=1280&amp;ssl=1 1280w\" sizes=\"auto, (max-width: 800px) 100vw, 800px\" \/><\/p>\n<p>&nbsp;<\/p>\n<p><strong>Se recuerda, a la par, que contin\u00faa la vacunaci\u00f3n libre a trabajadores y trabajadoras de la salud, educaci\u00f3n y seguridad y mayores de 18 a\u00f1os con comorbilidades.<\/strong> Asimismo contin\u00faa la vacunaci\u00f3n espont\u00e1nea a mayores de 50 a\u00f1os y embarazadas. Los grupos mencionados podr\u00e1n acercarse con el DNI y ser\u00e1n vacunadas en el momento en cualquiera de las 4 postas de vacunaci\u00f3n que est\u00e1n funcionando en simult\u00e1neo.<\/p>\n<p>&nbsp;<\/p>\n<p><strong>El resto de la vacunaci\u00f3n es \u00fanicamente por turnos, tanto para primeras como segundas dosis,\u00a0 por lo que se le pide a la comunidad que est\u00e9n atentos a los mensajes con la notificaci\u00f3n del d\u00eda y horario para aplicarse la dosis correspondiente<\/strong>.\u00a0Todos los interesados en acceder al plan provincial de vacunaci\u00f3n contra el coronavirus, que es p\u00fablico, gratuito y optativo, pueden sacar turno de manera virtual entrando en la <a href=\"https:\/\/vacunatepba.gba.gob.ar\/\" target=\"_blank\" rel=\"noopener\">p\u00e1gina oficial<\/a>\u00a0 o de forma presencial en ANSES, IOMA, PAMI, Ministerio de trabajo, Centro de Documentaci\u00f3n R\u00e1pida, entre otros.<\/p>\n<p>&nbsp;<\/p>\n<p>&nbsp;<\/p>\n","protected":false},"excerpt":{"rendered":"<p>Avanza el plan provincial de vacunaci\u00f3n. Las aplicaciones fueron tanto en el Servicio Territorial 2 como en la Facultad de<\/p>\n","protected":false},"author":3,"featured_media":15367,"comment_status":"closed","ping_status":"closed","sticky":false,"template":"","format":"standard","meta":{"_jetpack_memberships_contains_paid_content":false,"footnotes":""},"categories":[16],"tags":[],"class_list":["post-25756","post","type-post","status-publish","format-standard","has-post-thumbnail","hentry","category-covid-19"],"jetpack_featured_media_url":"https:\/\/i0.wp.com\/cdnoticias.com\/wp-content\/uploads\/2021\/03\/vacunaci%C3%B3n-territorial-2-1.jpg?fit=960%2C579&ssl=1","jetpack_sharing_enabled":true,"_links":{"self":[{"href":"https:\/\/cdnoticias.com\/index.php\/wp-json\/wp\/v2\/posts\/25756","targetHints":{"allow":["GET"]}}],"collection":[{"href":"https:\/\/cdnoticias.com\/index.php\/wp-json\/wp\/v2\/posts"}],"about":[{"href":"https:\/\/cdnoticias.com\/index.php\/wp-json\/wp\/v2\/types\/post"}],"author":[{"embeddable":true,"href":"https:\/\/cdnoticias.com\/index.php\/wp-json\/wp\/v2\/users\/3"}],"replies":[{"embeddable":true,"href":"https:\/\/cdnoticias.com\/index.php\/wp-json\/wp\/v2\/comments?post=25756"}],"version-history":[{"count":0,"href":"https:\/\/cdnoticias.com\/index.php\/wp-json\/wp\/v2\/posts\/25756\/revisions"}],"wp:featuredmedia":[{"embeddable":true,"href":"https:\/\/cdnoticias.com\/index.php\/wp-json\/wp\/v2\/media\/15367"}],"wp:attachment":[{"href":"https:\/\/cdnoticias.com\/index.php\/wp-json\/wp\/v2\/media?parent=25756"}],"wp:term":[{"taxonomy":"category","embeddable":true,"href":"https:\/\/cdnoticias.com\/index.php\/wp-json\/wp\/v2\/categories?post=25756"},{"taxonomy":"post_tag","embeddable":true,"href":"https:\/\/cdnoticias.com\/index.php\/wp-json\/wp\/v2\/tags?post=25756"}],"curies":[{"name":"wp","href":"https:\/\/api.w.org\/{rel}","templated":true}]}}