{"id":2575,"date":"2020-09-27T11:19:26","date_gmt":"2020-09-27T14:19:26","guid":{"rendered":"http:\/\/www.centraldenoticias.com.ar\/?p=2575"},"modified":"2020-09-27T12:40:23","modified_gmt":"2020-09-27T15:40:23","slug":"fuerte-choque-en-avenida-alberdi-un-joven-motociclista-quedo-internado","status":"publish","type":"post","link":"https:\/\/cdnoticias.com\/index.php\/2020\/09\/27\/fuerte-choque-en-avenida-alberdi-un-joven-motociclista-quedo-internado\/","title":{"rendered":"Fuerte choque en avenida Alberdi: un joven motociclista qued\u00f3 internado"},"content":{"rendered":"<p>Poco despu\u00e9s de la medianoche del domingo se registr\u00f3 un siniestro vial que involucr\u00f3 a un auto y una moto. Tres personas se vieron afectadas, aunque s\u00f3lo una qued\u00f3 internada en el Hospital.<!--more--><\/p>\n<hr \/>\n<p>Una explosi\u00f3n en el silencio de la madrugada y gritos. Los sonidos irrumpieron en inmediaciones de Alberdi e Yrigoyen cuando la llovizna no paraba. Todav\u00eda no eran las 0.30, una moto y un auto hab\u00edan protagonizado un siniestro vial sobre la avenida.<\/p>\n<p>En el rodado menor circulaban dos j\u00f3venes, uno de los cuales qued\u00f3 tendido en el asfalto y recibi\u00f3 la inmediata asistencia de los vecinos y de su acompa\u00f1ante, quienes adem\u00e1s dieron el alerta a la Polic\u00eda y pidieron asistencia m\u00e9dica.<\/p>\n<p><img data-recalc-dims=\"1\" loading=\"lazy\" decoding=\"async\" class=\"aligncenter wp-image-2578\" src=\"https:\/\/i0.wp.com\/cdnoticias.com\/wp-content\/uploads\/2020\/09\/01.jpg?resize=600%2C316&#038;ssl=1\" alt=\"\" width=\"600\" height=\"316\" srcset=\"https:\/\/i0.wp.com\/cdnoticias.com\/wp-content\/uploads\/2020\/09\/01.jpg?resize=300%2C158&amp;ssl=1 300w, https:\/\/i0.wp.com\/cdnoticias.com\/wp-content\/uploads\/2020\/09\/01.jpg?resize=768%2C404&amp;ssl=1 768w, https:\/\/i0.wp.com\/cdnoticias.com\/wp-content\/uploads\/2020\/09\/01.jpg?resize=390%2C205&amp;ssl=1 390w, https:\/\/i0.wp.com\/cdnoticias.com\/wp-content\/uploads\/2020\/09\/01.jpg?w=800&amp;ssl=1 800w\" sizes=\"auto, (max-width: 600px) 100vw, 600px\" \/><\/p>\n<p>Dos ambulancias trasladaron a los j\u00f3venes al Hospital Municipal para recibir atenci\u00f3n m\u00e9dica. Se inform\u00f3 oficialmente que uno de ellos qued\u00f3 internado en la Guardia. Fue identificado como Lautaro Kessler, sufri\u00f3 traumatismo tor\u00e1cico y se encuentra estable.<\/p>\n<p>Los restos pl\u00e1sticos que se desprendieron de la moto quedaron esparcidos en el cruce, al igual que los cascos de los motociclistas, y dieron cuenta de la violencia del impacto. El veh\u00edculo qued\u00f3 ca\u00eddo en la esquina noroeste.<\/p>\n<p><img data-recalc-dims=\"1\" loading=\"lazy\" decoding=\"async\" class=\"aligncenter wp-image-2579\" src=\"https:\/\/i0.wp.com\/cdnoticias.com\/wp-content\/uploads\/2020\/09\/02.jpg?resize=600%2C374&#038;ssl=1\" alt=\"\" width=\"600\" height=\"374\" srcset=\"https:\/\/i0.wp.com\/cdnoticias.com\/wp-content\/uploads\/2020\/09\/02.jpg?resize=300%2C187&amp;ssl=1 300w, https:\/\/i0.wp.com\/cdnoticias.com\/wp-content\/uploads\/2020\/09\/02.jpg?resize=768%2C479&amp;ssl=1 768w, https:\/\/i0.wp.com\/cdnoticias.com\/wp-content\/uploads\/2020\/09\/02.jpg?w=800&amp;ssl=1 800w\" sizes=\"auto, (max-width: 600px) 100vw, 600px\" \/><\/p>\n<p>El auto, un Fiat Palio que funciona como rem\u00eds, mostraba da\u00f1os en la parte delantera izquierda. Se detuvo varios metros m\u00e1s adelante, cerca del cruce con Jos\u00e9 Luis Torres. Su conductor result\u00f3 con lesiones leves y se retir\u00f3 por sus propios medios.<\/p>\n<p>El nerviosismo propio del momento deriv\u00f3 en cruces subidos de tono con los polic\u00edas que llegaron para verificar lo sucedido, asistir a los involucrados y cortar las calles. Los \u00e1nimos se calmaron poco despu\u00e9s. Hacia la 1.10 de la madrugada, los lesionados y afectados hab\u00edan recibido atenci\u00f3n m\u00e9dica y en el lugar s\u00f3lo quedaban los efectivos que resguardaban la escena.<\/p>\n<p><img data-recalc-dims=\"1\" loading=\"lazy\" decoding=\"async\" class=\"aligncenter wp-image-2580\" src=\"https:\/\/i0.wp.com\/cdnoticias.com\/wp-content\/uploads\/2020\/09\/03.jpg?resize=600%2C320&#038;ssl=1\" alt=\"\" width=\"600\" height=\"320\" srcset=\"https:\/\/i0.wp.com\/cdnoticias.com\/wp-content\/uploads\/2020\/09\/03.jpg?resize=300%2C160&amp;ssl=1 300w, https:\/\/i0.wp.com\/cdnoticias.com\/wp-content\/uploads\/2020\/09\/03.jpg?resize=768%2C410&amp;ssl=1 768w, https:\/\/i0.wp.com\/cdnoticias.com\/wp-content\/uploads\/2020\/09\/03.jpg?w=800&amp;ssl=1 800w\" sizes=\"auto, (max-width: 600px) 100vw, 600px\" \/><\/p>\n<p>&nbsp;<\/p>\n<p><img data-recalc-dims=\"1\" loading=\"lazy\" decoding=\"async\" class=\"aligncenter wp-image-2581\" src=\"https:\/\/i0.wp.com\/cdnoticias.com\/wp-content\/uploads\/2020\/09\/04.jpg?resize=600%2C450&#038;ssl=1\" alt=\"\" width=\"600\" height=\"450\" srcset=\"https:\/\/i0.wp.com\/cdnoticias.com\/wp-content\/uploads\/2020\/09\/04.jpg?resize=300%2C225&amp;ssl=1 300w, https:\/\/i0.wp.com\/cdnoticias.com\/wp-content\/uploads\/2020\/09\/04.jpg?resize=768%2C576&amp;ssl=1 768w, https:\/\/i0.wp.com\/cdnoticias.com\/wp-content\/uploads\/2020\/09\/04.jpg?w=800&amp;ssl=1 800w\" sizes=\"auto, (max-width: 600px) 100vw, 600px\" \/><\/p>\n<p>&nbsp;<\/p>\n<p><img data-recalc-dims=\"1\" loading=\"lazy\" decoding=\"async\" class=\"aligncenter wp-image-2582\" src=\"https:\/\/i0.wp.com\/cdnoticias.com\/wp-content\/uploads\/2020\/09\/05.jpg?resize=600%2C421&#038;ssl=1\" alt=\"\" width=\"600\" height=\"421\" srcset=\"https:\/\/i0.wp.com\/cdnoticias.com\/wp-content\/uploads\/2020\/09\/05.jpg?resize=300%2C210&amp;ssl=1 300w, https:\/\/i0.wp.com\/cdnoticias.com\/wp-content\/uploads\/2020\/09\/05.jpg?resize=768%2C539&amp;ssl=1 768w, https:\/\/i0.wp.com\/cdnoticias.com\/wp-content\/uploads\/2020\/09\/05.jpg?resize=130%2C90&amp;ssl=1 130w, https:\/\/i0.wp.com\/cdnoticias.com\/wp-content\/uploads\/2020\/09\/05.jpg?w=800&amp;ssl=1 800w\" sizes=\"auto, (max-width: 600px) 100vw, 600px\" \/><\/p>\n","protected":false},"excerpt":{"rendered":"<p>Poco despu\u00e9s de la medianoche del domingo se registr\u00f3 un siniestro vial que involucr\u00f3 a un auto y una moto.<\/p>\n","protected":false},"author":4,"featured_media":2577,"comment_status":"closed","ping_status":"closed","sticky":false,"template":"","format":"standard","meta":{"_jetpack_memberships_contains_paid_content":false,"footnotes":""},"categories":[5,1],"tags":[],"class_list":["post-2575","post","type-post","status-publish","format-standard","has-post-thumbnail","hentry","category-informacion-general","category-portada"],"jetpack_featured_media_url":"https:\/\/i0.wp.com\/cdnoticias.com\/wp-content\/uploads\/2020\/09\/00.jpg?fit=800%2C600&ssl=1","jetpack_sharing_enabled":true,"_links":{"self":[{"href":"https:\/\/cdnoticias.com\/index.php\/wp-json\/wp\/v2\/posts\/2575","targetHints":{"allow":["GET"]}}],"collection":[{"href":"https:\/\/cdnoticias.com\/index.php\/wp-json\/wp\/v2\/posts"}],"about":[{"href":"https:\/\/cdnoticias.com\/index.php\/wp-json\/wp\/v2\/types\/post"}],"author":[{"embeddable":true,"href":"https:\/\/cdnoticias.com\/index.php\/wp-json\/wp\/v2\/users\/4"}],"replies":[{"embeddable":true,"href":"https:\/\/cdnoticias.com\/index.php\/wp-json\/wp\/v2\/comments?post=2575"}],"version-history":[{"count":0,"href":"https:\/\/cdnoticias.com\/index.php\/wp-json\/wp\/v2\/posts\/2575\/revisions"}],"wp:featuredmedia":[{"embeddable":true,"href":"https:\/\/cdnoticias.com\/index.php\/wp-json\/wp\/v2\/media\/2577"}],"wp:attachment":[{"href":"https:\/\/cdnoticias.com\/index.php\/wp-json\/wp\/v2\/media?parent=2575"}],"wp:term":[{"taxonomy":"category","embeddable":true,"href":"https:\/\/cdnoticias.com\/index.php\/wp-json\/wp\/v2\/categories?post=2575"},{"taxonomy":"post_tag","embeddable":true,"href":"https:\/\/cdnoticias.com\/index.php\/wp-json\/wp\/v2\/tags?post=2575"}],"curies":[{"name":"wp","href":"https:\/\/api.w.org\/{rel}","templated":true}]}}