{"id":25743,"date":"2021-07-04T18:50:43","date_gmt":"2021-07-04T21:50:43","guid":{"rendered":"http:\/\/www.centraldenoticias.com.ar\/?p=25743"},"modified":"2021-07-04T18:50:43","modified_gmt":"2021-07-04T21:50:43","slug":"vuelve-la-ola-de-frio-lluvias-como-va-a-estar-el-tiempo-en-el-inicio-de-la-semana","status":"publish","type":"post","link":"https:\/\/cdnoticias.com\/index.php\/2021\/07\/04\/vuelve-la-ola-de-frio-lluvias-como-va-a-estar-el-tiempo-en-el-inicio-de-la-semana\/","title":{"rendered":"\u00bfVuelve la ola de fr\u00edo? \u00bflluvias? C\u00f3mo va a estar el tiempo en el inicio de la semana"},"content":{"rendered":"<p>Este domingo el fr\u00edo volvi\u00f3 a hacerse sentir en la ma\u00f1ana, pero luego el sol brind\u00f3 una tarde m\u00e1s que agradable. C\u00f3mo seguir\u00e1 todo en las pr\u00f3ximas horas.<!--more--><\/p>\n<hr \/>\n<p>Tras la ola de fr\u00edo que azot\u00f3 a la ciudad y gran parte del pa\u00eds d\u00edas atr\u00e1s, el fin de semana brind\u00f3 una suerte de alivio en materia clim\u00e1tica. <strong>C\u00f3mo seguir\u00e1 todo durante el inicio de la semana laboral.<\/strong><\/p>\n<p>&nbsp;<\/p>\n<p>Este domingo las condiciones fueron sumamente variables, con un fr\u00edo que se hizo sentir y mucho en el inicio de la jornada, con un <strong>registro de 1.5 grados a las 8.50 seg\u00fan los datos de la Estaci\u00f3n Meteorol\u00f3gica local<\/strong>, pero con un marcado aumento de la temperatura que trep\u00f3 inclusive en orden los 15 grados, configurando una tarde sumamente agradable, que fue aprovechada por centenares de olavarrienses que se volcaron hacia los espacios p\u00fablicos abiertos de la ciudad.<\/p>\n<p>&nbsp;<\/p>\n<p><img data-recalc-dims=\"1\" loading=\"lazy\" decoding=\"async\" class=\"alignnone size-full wp-image-25745\" src=\"https:\/\/i0.wp.com\/cdnoticias.com\/wp-content\/uploads\/2021\/07\/prnos.jpg?resize=800%2C273&#038;ssl=1\" alt=\"\" width=\"800\" height=\"273\" srcset=\"https:\/\/i0.wp.com\/cdnoticias.com\/wp-content\/uploads\/2021\/07\/prnos.jpg?w=800&amp;ssl=1 800w, https:\/\/i0.wp.com\/cdnoticias.com\/wp-content\/uploads\/2021\/07\/prnos.jpg?resize=300%2C102&amp;ssl=1 300w, https:\/\/i0.wp.com\/cdnoticias.com\/wp-content\/uploads\/2021\/07\/prnos.jpg?resize=768%2C262&amp;ssl=1 768w\" sizes=\"auto, (max-width: 800px) 100vw, 800px\" \/><\/p>\n<p>&nbsp;<\/p>\n<p>Esas condiciones parecen ser una suerte de anticipo de lo que podr\u00eda darse en los pr\u00f3ximos d\u00edas, de acuerdo con el pron\u00f3stico extendido del Servicio Meteorol\u00f3gico Nacional. Tal es as\u00ed que para este lunes <strong>se prev\u00e9 una m\u00ednima de 3 grados durante la ma\u00f1ana y una m\u00e1xima de 16 durante la tarde.<\/strong><\/p>\n<p>&nbsp;<\/p>\n<p>Id\u00e9nticos valores se esperan para la jornada del martes, en la que la <strong>atenci\u00f3n deber\u00e1 estar focalizada en los vientos, ya que se anticipan durante la mayor parte de la jornada r\u00e1fagas en orden a los 50 km\/h<\/strong>. A la par, si bien con baja probabilidad, tambi\u00e9n hay un pron\u00f3stico de lluvias aisladas durante la noche.<\/p>\n","protected":false},"excerpt":{"rendered":"<p>Este domingo el fr\u00edo volvi\u00f3 a hacerse sentir en la ma\u00f1ana, pero luego el sol brind\u00f3 una tarde m\u00e1s que<\/p>\n","protected":false},"author":3,"featured_media":25744,"comment_status":"closed","ping_status":"closed","sticky":false,"template":"","format":"standard","meta":{"_jetpack_memberships_contains_paid_content":false,"footnotes":""},"categories":[5,1],"tags":[],"class_list":["post-25743","post","type-post","status-publish","format-standard","has-post-thumbnail","hentry","category-informacion-general","category-portada"],"jetpack_featured_media_url":"https:\/\/i0.wp.com\/cdnoticias.com\/wp-content\/uploads\/2021\/07\/pronos01.jpg?fit=800%2C445&ssl=1","jetpack_sharing_enabled":true,"_links":{"self":[{"href":"https:\/\/cdnoticias.com\/index.php\/wp-json\/wp\/v2\/posts\/25743","targetHints":{"allow":["GET"]}}],"collection":[{"href":"https:\/\/cdnoticias.com\/index.php\/wp-json\/wp\/v2\/posts"}],"about":[{"href":"https:\/\/cdnoticias.com\/index.php\/wp-json\/wp\/v2\/types\/post"}],"author":[{"embeddable":true,"href":"https:\/\/cdnoticias.com\/index.php\/wp-json\/wp\/v2\/users\/3"}],"replies":[{"embeddable":true,"href":"https:\/\/cdnoticias.com\/index.php\/wp-json\/wp\/v2\/comments?post=25743"}],"version-history":[{"count":0,"href":"https:\/\/cdnoticias.com\/index.php\/wp-json\/wp\/v2\/posts\/25743\/revisions"}],"wp:featuredmedia":[{"embeddable":true,"href":"https:\/\/cdnoticias.com\/index.php\/wp-json\/wp\/v2\/media\/25744"}],"wp:attachment":[{"href":"https:\/\/cdnoticias.com\/index.php\/wp-json\/wp\/v2\/media?parent=25743"}],"wp:term":[{"taxonomy":"category","embeddable":true,"href":"https:\/\/cdnoticias.com\/index.php\/wp-json\/wp\/v2\/categories?post=25743"},{"taxonomy":"post_tag","embeddable":true,"href":"https:\/\/cdnoticias.com\/index.php\/wp-json\/wp\/v2\/tags?post=25743"}],"curies":[{"name":"wp","href":"https:\/\/api.w.org\/{rel}","templated":true}]}}