{"id":25653,"date":"2021-07-03T15:35:44","date_gmt":"2021-07-03T18:35:44","guid":{"rendered":"http:\/\/www.centraldenoticias.com.ar\/?p=25653"},"modified":"2021-07-03T15:44:59","modified_gmt":"2021-07-03T18:44:59","slug":"francisco-gonzalez-nuevo-secretario-de-la-convencion-radical-bonaerense","status":"publish","type":"post","link":"https:\/\/cdnoticias.com\/index.php\/2021\/07\/03\/francisco-gonzalez-nuevo-secretario-de-la-convencion-radical-bonaerense\/","title":{"rendered":"Francisco Gonz\u00e1lez nuevo secretario de la Convenci\u00f3n Radical bonaerense"},"content":{"rendered":"<p>El ex presidente del Comit\u00e9 local ser\u00e1 el \u00fanico representante de la s\u00e9ptima secci\u00f3n electoral en la nueva comitiva, que tendr\u00e1 al diputado nacional tandilense Carlos Fern\u00e1ndez como presidente.<!--more--><\/p>\n<hr \/>\n<p>En la jornada de este s\u00e1bado se llev\u00f3 adelante la <strong>Convenci\u00f3n Provincial de la Uni\u00f3n C\u00edvica Radical, en la que el diputado nacional tandilense Carlos Fern\u00e1ndez\u00a0 fue electo como nuevo presidente<\/strong>.<\/p>\n<p>&nbsp;<\/p>\n<blockquote class=\"twitter-tweet\" data-width=\"550\" data-dnt=\"true\">\n<p lang=\"es\" dir=\"ltr\">Me honra haber sido nombrado presidente de la Convenci\u00f3n de la Provincia de Buenos Aires.<br \/>Agradezco a todos quienes depositaron su confianza y apoyaron este proyecto que nos mantiene dentro de la coalici\u00f3n y se prepara para ser protagonista en las pr\u00f3ximas elecciones y en 2023. <a href=\"https:\/\/t.co\/robwdzPsuq\">pic.twitter.com\/robwdzPsuq<\/a><\/p>\n<p>&mdash; Diputado Carlos Fernandez (@CFernandezUCR) <a href=\"https:\/\/twitter.com\/CFernandezUCR\/status\/1411361639283232770?ref_src=twsrc%5Etfw\">July 3, 2021<\/a><\/p><\/blockquote>\n<p><script async src=\"https:\/\/platform.twitter.com\/widgets.js\" charset=\"utf-8\"><\/script><\/p>\n<p>&nbsp;<\/p>\n<p>La elecci\u00f3n de nuevas autoridades tambi\u00e9n tuvo sus r\u00e9plicas a nivel local, ya que <strong>el ex presidente del Comit\u00e9 olavarriense, Francisco Gonz\u00e1lez, tambi\u00e9n ser\u00e1 parte de la flamante conducci\u00f3n.<\/strong><\/p>\n<p>&nbsp;<\/p>\n<blockquote class=\"twitter-tweet\" data-width=\"550\" data-dnt=\"true\">\n<p lang=\"es\" dir=\"ltr\">\ud83d\udc49En el d\u00eda de hoy se llevo a cabo la Convenci\u00f3n Provincial de la UCR, donde se eligieron las nuevas autoridades de la misma y con mucho orgullo quiero contarles que fui elegido como uno de los Secretarios de la Mesa Ejecutiva. <a href=\"https:\/\/t.co\/h5Gx1FiVHl\">pic.twitter.com\/h5Gx1FiVHl<\/a><\/p>\n<p>&mdash; Francisco Gonzalez (@panchogon1983) <a href=\"https:\/\/twitter.com\/panchogon1983\/status\/1411376269766402049?ref_src=twsrc%5Etfw\">July 3, 2021<\/a><\/p><\/blockquote>\n<p><script async src=\"https:\/\/platform.twitter.com\/widgets.js\" charset=\"utf-8\"><\/script><\/p>\n<p>&nbsp;<\/p>\n<p>De acuerdo con lo que logr\u00f3 conocer <em><strong>Central de Noticias<\/strong><\/em>, Gonz\u00e1lez ser\u00e1 el secretario de la Mesa Ejecutiva y \u00fanico representante de la S\u00e9ptima Secci\u00f3n Electoral.<\/p>\n<p>&nbsp;<\/p>\n<blockquote class=\"twitter-tweet\" data-width=\"550\" data-dnt=\"true\">\n<p lang=\"es\" dir=\"ltr\">Hoy la Convenci\u00f3n provincial design\u00f3 a sus nuevas autoridades y resolvi\u00f3 continuar en una coalici\u00f3n que nos permita ser protagonistas, hacer una gran elecci\u00f3n en 2021 y volver al poder en 2023.<\/p>\n<p>&mdash; UCR Buenos Aires (@UCRBuenosAires) <a href=\"https:\/\/twitter.com\/UCRBuenosAires\/status\/1411355402827190272?ref_src=twsrc%5Etfw\">July 3, 2021<\/a><\/p><\/blockquote>\n<p><script async src=\"https:\/\/platform.twitter.com\/widgets.js\" charset=\"utf-8\"><\/script><\/p>\n<p>&nbsp;<\/p>\n<p><strong>\u201cSon buenos tiempos para el radicalismo olavarriense\u201d<\/strong>, enfatiz\u00f3 en di\u00e1logo con este portal a medida que daba cuenta que hac\u00eda a\u00f1os que no se daba una designaci\u00f3n de esta \u00edndole. A la par, tambi\u00e9n puso el acento en la presencia de Franco Cominotto en la mesa directiva del comit\u00e9 bonaerense.<\/p>\n<p>&nbsp;<\/p>\n<blockquote class=\"twitter-tweet\" data-width=\"550\" data-dnt=\"true\">\n<p lang=\"es\" dir=\"ltr\">Un radicalismo unido le da la bienvenida a Facundo Manes! Caminaremos juntos para ir en busca de la recuperaci\u00f3n de nuestro pa\u00eds\ud83c\uddf5\ud83c\uddf1 <a href=\"https:\/\/t.co\/9QS5gJYiXc\">https:\/\/t.co\/9QS5gJYiXc<\/a><\/p>\n<p>&mdash; Francisco Gonzalez (@panchogon1983) <a href=\"https:\/\/twitter.com\/panchogon1983\/status\/1411340129915092994?ref_src=twsrc%5Etfw\">July 3, 2021<\/a><\/p><\/blockquote>\n<p><script async src=\"https:\/\/platform.twitter.com\/widgets.js\" charset=\"utf-8\"><\/script><\/p>\n<p>&nbsp;<\/p>\n<p>En las \u00faltimas horas la Uni\u00f3n C\u00edvica Radical bonaerense tambi\u00e9n fue noticia debido a la confirmaci\u00f3n de que <a href=\"https:\/\/cdnoticias.com\/index.php\/2021\/07\/03\/facundo-manes-acepto-sera-candidato-en-las-legislativas-por-la-ucr\/\" target=\"_blank\" rel=\"noopener\">Facundo Manes ser\u00e1 candidato en las legislativas<\/a>, <strong>algo que el propio Gonz\u00e1lez celebr\u00f3 y acompa\u00f1\u00f3 a trav\u00e9s de sus redes sociales<\/strong>.<\/p>\n","protected":false},"excerpt":{"rendered":"<p>El ex presidente del Comit\u00e9 local ser\u00e1 el \u00fanico representante de la s\u00e9ptima secci\u00f3n electoral en la nueva comitiva, que<\/p>\n","protected":false},"author":3,"featured_media":8821,"comment_status":"closed","ping_status":"closed","sticky":false,"template":"","format":"standard","meta":{"_jetpack_memberships_contains_paid_content":false,"footnotes":""},"categories":[4,1],"tags":[],"class_list":["post-25653","post","type-post","status-publish","format-standard","has-post-thumbnail","hentry","category-politica","category-portada"],"jetpack_featured_media_url":"https:\/\/i0.wp.com\/cdnoticias.com\/wp-content\/uploads\/2020\/12\/francisco-gonzalez.jpg?fit=4608%2C3072&ssl=1","jetpack_sharing_enabled":true,"_links":{"self":[{"href":"https:\/\/cdnoticias.com\/index.php\/wp-json\/wp\/v2\/posts\/25653","targetHints":{"allow":["GET"]}}],"collection":[{"href":"https:\/\/cdnoticias.com\/index.php\/wp-json\/wp\/v2\/posts"}],"about":[{"href":"https:\/\/cdnoticias.com\/index.php\/wp-json\/wp\/v2\/types\/post"}],"author":[{"embeddable":true,"href":"https:\/\/cdnoticias.com\/index.php\/wp-json\/wp\/v2\/users\/3"}],"replies":[{"embeddable":true,"href":"https:\/\/cdnoticias.com\/index.php\/wp-json\/wp\/v2\/comments?post=25653"}],"version-history":[{"count":0,"href":"https:\/\/cdnoticias.com\/index.php\/wp-json\/wp\/v2\/posts\/25653\/revisions"}],"wp:featuredmedia":[{"embeddable":true,"href":"https:\/\/cdnoticias.com\/index.php\/wp-json\/wp\/v2\/media\/8821"}],"wp:attachment":[{"href":"https:\/\/cdnoticias.com\/index.php\/wp-json\/wp\/v2\/media?parent=25653"}],"wp:term":[{"taxonomy":"category","embeddable":true,"href":"https:\/\/cdnoticias.com\/index.php\/wp-json\/wp\/v2\/categories?post=25653"},{"taxonomy":"post_tag","embeddable":true,"href":"https:\/\/cdnoticias.com\/index.php\/wp-json\/wp\/v2\/tags?post=25653"}],"curies":[{"name":"wp","href":"https:\/\/api.w.org\/{rel}","templated":true}]}}