{"id":25627,"date":"2021-07-03T11:49:05","date_gmt":"2021-07-03T14:49:05","guid":{"rendered":"http:\/\/www.centraldenoticias.com.ar\/?p=25627"},"modified":"2021-07-03T11:49:05","modified_gmt":"2021-07-03T14:49:05","slug":"dia-internacional-de-las-cooperativas-destacamos-la-solidaridad-que-enmarca-al-sistema-cooperativo","status":"publish","type":"post","link":"https:\/\/cdnoticias.com\/index.php\/2021\/07\/03\/dia-internacional-de-las-cooperativas-destacamos-la-solidaridad-que-enmarca-al-sistema-cooperativo\/","title":{"rendered":"D\u00eda Internacional de las Cooperativas: \u201cdestacamos la solidaridad que enmarca al sistema cooperativo\u201d"},"content":{"rendered":"<p>Este s\u00e1bado se conmemora la jornada. Coopelectric valor\u00f3, en palabras del presidente del Consejo de Administraci\u00f3n, que \u201clo importantes es estar cerca de los vecinos\u201d.<!--more--><\/p>\n<hr \/>\n<p><strong>Hoy las m\u00e1s de tres millones de cooperativas que existen en el mundo y todos sus asociados celebran el D\u00eda Internacional de las Cooperativas<\/strong>.<\/p>\n<p>&nbsp;<\/p>\n<p>El lema de la celebraci\u00f3n establecido por la <strong>Alianza Cooperativa Internacional y las Naciones Unidas a trav\u00e9s del Comit\u00e9 para la Promoci\u00f3n y el Avance de las Cooperativas (COPAC)<\/strong> es \u201cReconstruir mejor juntos\u201d, haciendo referencia a que <strong>las cooperativas de todo el mundo est\u00e1n afrontando la crisis provocada por la pandemia de COVID-19 con solidaridad y resiliencia<\/strong>, ofreciendo a las comunidades una recuperaci\u00f3n centrada en las personas y respetuosa con el medioambiente.<\/p>\n<p>&nbsp;<\/p>\n<blockquote><p>A prop\u00f3sito de esta celebraci\u00f3n, el presidente del Consejo de Administraci\u00f3n de Coopelectric Ignacio Aramburu expres\u00f3 \u201cdestacamos la solidaridad que enmarca al sistema cooperativo, el hecho de pensar y priorizar a las personas y tal como lo refleja el lema de la celebraci\u00f3n, consideramos que a la pandemia la transitamos y la superamos mucho mejor juntos que de forma individual\u201d.<\/p><\/blockquote>\n<p>&nbsp;<\/p>\n<p>En \u00e1mbitos como la salud, la agricultura, la producci\u00f3n, el comercio minorista, las finanzas, la vivienda, el trabajo, la educaci\u00f3n, los servicios p\u00fablicos y muchos otros \u00e1mbitos en los que se desarrollan las cooperativas, sus m\u00e1s de mil millones de miembros en todo el mundo siguen demostrando que nadie tiene por qu\u00e9 enfrentarse solo a una crisis como la pandemia actual. Los modelos centrados en las personas, basados en los valores cooperativos de autoayuda y solidaridad y en los valores \u00e9ticos de responsabilidad social y sentimiento de comunidad, permiten <strong>reducir las desigualdades, crear prosperidad com\u00fan y responder a las situaciones ocasionadas por el COVID-19<\/strong>.<\/p>\n<p>&nbsp;<\/p>\n<p><img data-recalc-dims=\"1\" loading=\"lazy\" decoding=\"async\" class=\"aligncenter wp-image-25628\" src=\"https:\/\/i0.wp.com\/cdnoticias.com\/wp-content\/uploads\/2021\/07\/Dia-Internacional-de-las-Cooperativas.jpg?resize=600%2C415&#038;ssl=1\" alt=\"\" width=\"600\" height=\"415\" srcset=\"https:\/\/i0.wp.com\/cdnoticias.com\/wp-content\/uploads\/2021\/07\/Dia-Internacional-de-las-Cooperativas.jpg?resize=1024%2C708&amp;ssl=1 1024w, https:\/\/i0.wp.com\/cdnoticias.com\/wp-content\/uploads\/2021\/07\/Dia-Internacional-de-las-Cooperativas.jpg?resize=300%2C207&amp;ssl=1 300w, https:\/\/i0.wp.com\/cdnoticias.com\/wp-content\/uploads\/2021\/07\/Dia-Internacional-de-las-Cooperativas.jpg?resize=768%2C531&amp;ssl=1 768w, https:\/\/i0.wp.com\/cdnoticias.com\/wp-content\/uploads\/2021\/07\/Dia-Internacional-de-las-Cooperativas.jpg?resize=392%2C272&amp;ssl=1 392w, https:\/\/i0.wp.com\/cdnoticias.com\/wp-content\/uploads\/2021\/07\/Dia-Internacional-de-las-Cooperativas.jpg?resize=130%2C90&amp;ssl=1 130w, https:\/\/i0.wp.com\/cdnoticias.com\/wp-content\/uploads\/2021\/07\/Dia-Internacional-de-las-Cooperativas.jpg?w=1600&amp;ssl=1 1600w, https:\/\/i0.wp.com\/cdnoticias.com\/wp-content\/uploads\/2021\/07\/Dia-Internacional-de-las-Cooperativas.jpg?w=2400&amp;ssl=1 2400w\" sizes=\"auto, (max-width: 600px) 100vw, 600px\" \/><\/p>\n<p>&nbsp;<\/p>\n<p>\u201cDesde Coopelectric, <strong>nuestra respuesta consisti\u00f3 y consiste en garantizar la prestaci\u00f3n de los servicios esenciales<\/strong> aplicando estrictamente los protocolos sanitarios, cuidando a los asociados, a nuestros trabajadores, acompa\u00f1ando a los vecinos, a las entidades intermedias, al comercio y a la industria con solidaridad y apostando siempre al bien com\u00fan\u201d.<\/p>\n<p>&nbsp;<\/p>\n<p>En tal sentido el referente de la entidad destac\u00f3 algunas de las <strong>medidas adoptadas como la reorganizaci\u00f3n de las \u00e1reas administrativas y operativas<\/strong> para trabajar bajo el sistema de burbujas y mantener fuerza laboral de reserva para garantizar la distribuci\u00f3n de los servicios esenciales, las capacitaciones dictadas por el \u00e1rea de seguridad e higiene para instruir a los empleados y promover el cumplimiento de las medidas de bioseguridad, la implementaci\u00f3n de un sistema de turnos en la sede de Belgrano 2850 para evitar la concentraci\u00f3n de personas, la puesta en funcionamiento de un dispositivo de autoconsulta para que los asociados puedan imprimir cupones de pago, la continuidad de la propuesta educativa a distancia, el cambio de modalidad de las reuniones del Consejo de administraci\u00f3n, entre tantas otras.<\/p>\n<p>&nbsp;<\/p>\n<blockquote><p>\u201cDesde la Cooperativa tratamos de acompa\u00f1ar a nuestros socios, tal es as\u00ed que hoy son alrededor de 13 mil las familias que perciben la Tarifa Social, dimos pleno cumplimiento al R\u00e9gimen de Suspensi\u00f3n de Cortes que favorece a 18 mil asociados, implementamos la Tarifa Social en el servicio Sanitario, brindamos planes de financiaci\u00f3n que contemplan las necesidades de cada familia para que se puedan regularizar situaciones de deuda y durante varios meses se eliminaron los intereses por mora en los pagos\u201d explic\u00f3 Aramburu.<\/p><\/blockquote>\n<p>&nbsp;<\/p>\n<p>Respecto de otros sectores como los <strong>comercios, las medianas y grandes demandas<\/strong> se destac\u00f3 que a trav\u00e9s de la C\u00e1mara Empresaria de Olavarr\u00eda la Cooperativa se puso a disposici\u00f3n de este importante sector de la econom\u00eda local, para escucharlos,<strong> ofrecer facilidades de pago y tratar de solucionar los inconvenientes que se les presentaran<\/strong>. Al mismo tiempo, y en pos de contribuir con los grandes usuarios, los cargos por potencia se facturaron de acuerdo a los consumos registrados y no a los convenidos, beneficiando a quienes no registraron actividad o la disminuyeron durante algunos meses.<\/p>\n<p>&nbsp;<\/p>\n<p><img data-recalc-dims=\"1\" loading=\"lazy\" decoding=\"async\" class=\"aligncenter wp-image-25629\" src=\"https:\/\/i0.wp.com\/cdnoticias.com\/wp-content\/uploads\/2021\/07\/01-Archivo-Ignacio-Aramburu.jpg?resize=400%2C523&#038;ssl=1\" alt=\"\" width=\"400\" height=\"523\" srcset=\"https:\/\/i0.wp.com\/cdnoticias.com\/wp-content\/uploads\/2021\/07\/01-Archivo-Ignacio-Aramburu.jpg?resize=784%2C1024&amp;ssl=1 784w, https:\/\/i0.wp.com\/cdnoticias.com\/wp-content\/uploads\/2021\/07\/01-Archivo-Ignacio-Aramburu.jpg?resize=230%2C300&amp;ssl=1 230w, https:\/\/i0.wp.com\/cdnoticias.com\/wp-content\/uploads\/2021\/07\/01-Archivo-Ignacio-Aramburu.jpg?resize=768%2C1004&amp;ssl=1 768w, https:\/\/i0.wp.com\/cdnoticias.com\/wp-content\/uploads\/2021\/07\/01-Archivo-Ignacio-Aramburu.jpg?w=1500&amp;ssl=1 1500w\" sizes=\"auto, (max-width: 400px) 100vw, 400px\" \/><\/p>\n<p>&nbsp;<\/p>\n<p><strong>\u201cLo importantes es estar cerca de los vecinos, atender sus demandas, trabajar con compromiso, vocaci\u00f3n de servicio y solidaridad con el objetivo de acompa\u00f1arlos y brindarles nuevas propuestas que mejoren su calidad de vida\u201d<\/strong> afirm\u00f3 el Dr. Aramburu y en esa l\u00ednea destac\u00f3 el tendido de fibra \u00f3ptica que llev\u00f3 a cabo Infracom en el sector de Pueblo Nuevo, \u201cla fibra \u00f3ptica al hogar es una realidad en este sector de la ciudad, permitiendo el acceso a internet que resulta imprescindible en nuestra vida cotidiana, con una relaci\u00f3n precio calidad muy beneficiosa. Al mismo tiempo contin\u00faan los trabajos para poder brindar el servicio en otros sectores de la planta urbana y del Partido\u201d.<\/p>\n<p>&nbsp;<\/p>\n<p>\u201c<strong>Renovamos el compromiso de trabajo para fortalecer y poner en valor los principios y valores del movimiento cooperativo<\/strong> ante esta compleja situaci\u00f3n sanitaria mundial que atravesamos, cuya reconstrucci\u00f3n tambi\u00e9n necesita del aporte todas las entidades cooperativas\u201d, concluy\u00f3 Aramburu.<\/p>\n<p>&nbsp;<\/p>\n<p><strong>Origen de la celebraci\u00f3n<\/strong><\/p>\n<p>&nbsp;<\/p>\n<p>Las cooperativas de todo el mundo celebran este d\u00eda desde 1923 y a partir de 1995 en el marco del centenario de la ACI, la Asamblea General de las Naciones Unidas lo proclam\u00f3 oficialmente como el D\u00eda Internacional de las Cooperativas estableciendo su celebraci\u00f3n el primer s\u00e1bado de julio de cada a\u00f1o.<\/p>\n<p>&nbsp;<\/p>\n<p>El objetivo del #CoopsDay es dar a conocer las cooperativas y promover los ideales del movimiento, como la solidaridad internacional, la eficiencia econ\u00f3mica, la igualdad y la paz mundial. Desde 1995, la ACI y las Naciones Unidas han establecido el tema para la celebraci\u00f3n del #CoopsDay a trav\u00e9s del Comit\u00e9 para la Promoci\u00f3n y el Avance de las Cooperativas (COPAC).<\/p>\n<p>&nbsp;<\/p>\n<p>La celebraci\u00f3n de este a\u00f1o es la 27\u00aa edici\u00f3n del D\u00eda Internacional de las Cooperativas desde su reconocimiento por parte de las Naciones Unidas y la 99\u00aa edici\u00f3n del D\u00eda Internacional de las Cooperativas desde su primera celebraci\u00f3n registrada.<\/p>\n","protected":false},"excerpt":{"rendered":"<p>Este s\u00e1bado se conmemora la jornada. Coopelectric valor\u00f3, en palabras del presidente del Consejo de Administraci\u00f3n, que \u201clo importantes es<\/p>\n","protected":false},"author":4,"featured_media":25630,"comment_status":"closed","ping_status":"closed","sticky":false,"template":"","format":"standard","meta":{"_jetpack_memberships_contains_paid_content":false,"footnotes":""},"categories":[5,1],"tags":[],"class_list":["post-25627","post","type-post","status-publish","format-standard","has-post-thumbnail","hentry","category-informacion-general","category-portada"],"jetpack_featured_media_url":"https:\/\/i0.wp.com\/cdnoticias.com\/wp-content\/uploads\/2021\/07\/02-Ignacio-Aramburu.jpg?fit=800%2C445&ssl=1","jetpack_sharing_enabled":true,"_links":{"self":[{"href":"https:\/\/cdnoticias.com\/index.php\/wp-json\/wp\/v2\/posts\/25627","targetHints":{"allow":["GET"]}}],"collection":[{"href":"https:\/\/cdnoticias.com\/index.php\/wp-json\/wp\/v2\/posts"}],"about":[{"href":"https:\/\/cdnoticias.com\/index.php\/wp-json\/wp\/v2\/types\/post"}],"author":[{"embeddable":true,"href":"https:\/\/cdnoticias.com\/index.php\/wp-json\/wp\/v2\/users\/4"}],"replies":[{"embeddable":true,"href":"https:\/\/cdnoticias.com\/index.php\/wp-json\/wp\/v2\/comments?post=25627"}],"version-history":[{"count":0,"href":"https:\/\/cdnoticias.com\/index.php\/wp-json\/wp\/v2\/posts\/25627\/revisions"}],"wp:featuredmedia":[{"embeddable":true,"href":"https:\/\/cdnoticias.com\/index.php\/wp-json\/wp\/v2\/media\/25630"}],"wp:attachment":[{"href":"https:\/\/cdnoticias.com\/index.php\/wp-json\/wp\/v2\/media?parent=25627"}],"wp:term":[{"taxonomy":"category","embeddable":true,"href":"https:\/\/cdnoticias.com\/index.php\/wp-json\/wp\/v2\/categories?post=25627"},{"taxonomy":"post_tag","embeddable":true,"href":"https:\/\/cdnoticias.com\/index.php\/wp-json\/wp\/v2\/tags?post=25627"}],"curies":[{"name":"wp","href":"https:\/\/api.w.org\/{rel}","templated":true}]}}