{"id":25618,"date":"2021-07-03T11:23:11","date_gmt":"2021-07-03T14:23:11","guid":{"rendered":"http:\/\/www.centraldenoticias.com.ar\/?p=25618"},"modified":"2021-07-03T11:23:11","modified_gmt":"2021-07-03T14:23:11","slug":"asumieron-las-nuevas-autoridades-de-la-facultad-de-ciencias-sociales","status":"publish","type":"post","link":"https:\/\/cdnoticias.com\/index.php\/2021\/07\/03\/asumieron-las-nuevas-autoridades-de-la-facultad-de-ciencias-sociales\/","title":{"rendered":"Asumieron las nuevas autoridades de la Facultad de Ciencias Sociales"},"content":{"rendered":"<p>Este viernes asumieron las autoridades de la Facultad de Ciencias Sociales, en el que juraron Gabriela Gamberini como Decana y Mar\u00eda Luz Endere como Vicedecana. Fue encabezado por el rector de la UNICEN, Marcelo Aba.<!--more--><\/p>\n<hr \/>\n<p><strong>El acto de asunci\u00f3n de las autoridades de la Facultad de Ciencias Sociales para el periodo 2021-2025 se realiz\u00f3 este viernes en horas del mediod\u00eda<\/strong>, en el SUM del Edificio de Aulas Comunes del Campus Universitario de Olavarr\u00eda.<\/p>\n<p>&nbsp;<\/p>\n<p><strong>Gabriela Gamberini jur\u00f3 como Decana para un segundo per\u00edodo, en tanto que como Vicedecana asumi\u00f3 Mar\u00eda Luz Endere<\/strong>. La dupla <a href=\"https:\/\/cdnoticias.com\/index.php\/2021\/04\/14\/se-eligio-la-nueva-conduccion-en-la-facultad-de-ciencias-sociales\/\">fue elegida<\/a> en abril \u00faltimo por el Consejo Acad\u00e9mico de la FACSO.<\/p>\n<p>&nbsp;<\/p>\n<p><img data-recalc-dims=\"1\" loading=\"lazy\" decoding=\"async\" class=\"size-full wp-image-25620 aligncenter\" src=\"https:\/\/i0.wp.com\/cdnoticias.com\/wp-content\/uploads\/2021\/07\/facso-acto-4.jpg?resize=696%2C429&#038;ssl=1\" alt=\"\" width=\"696\" height=\"429\" srcset=\"https:\/\/i0.wp.com\/cdnoticias.com\/wp-content\/uploads\/2021\/07\/facso-acto-4.jpg?w=696&amp;ssl=1 696w, https:\/\/i0.wp.com\/cdnoticias.com\/wp-content\/uploads\/2021\/07\/facso-acto-4.jpg?resize=300%2C185&amp;ssl=1 300w\" sizes=\"auto, (max-width: 696px) 100vw, 696px\" \/><\/p>\n<p>&nbsp;<\/p>\n<p><strong>El acto estuvo encabezado por el Rector de la UNICEN, Marcelo Aba<\/strong>; la Vicerrectora, Alicia Spinello; y la Secretaria Acad\u00e9mica de la UNICEN, Mabelo Pacheco.<\/p>\n<p>&nbsp;<\/p>\n<p>Estuvieron presentes <em>la Vicedecana saliente de la FACSO, Mar\u00eda Guti\u00e9rrez; el presidente del Concejo Deliberante de Olavarr\u00eda, Bruno Cenizo; Telma Cazot en representaci\u00f3n de la diputada nacional Liliana Schwindt; los secretarios de la FACSO, Gabriela Loustaunau, Nicol\u00e1s Casado y Guillermo Cicconi; el director de la Unidad Ejecutora INCUAPA UNICEN\/CONICET, Gustavo Politis; directores y directora de los departamentos de las distintas carreras de la unidad acad\u00e9mica; integrantes del Consejo Acad\u00e9mico y del Consejo Superior; y familiares de las autoridades electas,<\/em> entre otros.<\/p>\n<p>&nbsp;<\/p>\n<p><img data-recalc-dims=\"1\" loading=\"lazy\" decoding=\"async\" class=\"size-large wp-image-25621 aligncenter\" src=\"https:\/\/i0.wp.com\/cdnoticias.com\/wp-content\/uploads\/2021\/07\/facso-acto-1.jpg?resize=800%2C450&#038;ssl=1\" alt=\"\" width=\"800\" height=\"450\" srcset=\"https:\/\/i0.wp.com\/cdnoticias.com\/wp-content\/uploads\/2021\/07\/facso-acto-1.jpg?resize=1024%2C576&amp;ssl=1 1024w, https:\/\/i0.wp.com\/cdnoticias.com\/wp-content\/uploads\/2021\/07\/facso-acto-1.jpg?resize=300%2C169&amp;ssl=1 300w, https:\/\/i0.wp.com\/cdnoticias.com\/wp-content\/uploads\/2021\/07\/facso-acto-1.jpg?resize=768%2C432&amp;ssl=1 768w, https:\/\/i0.wp.com\/cdnoticias.com\/wp-content\/uploads\/2021\/07\/facso-acto-1.jpg?w=1280&amp;ssl=1 1280w\" sizes=\"auto, (max-width: 800px) 100vw, 800px\" \/><\/p>\n<p>&nbsp;<\/p>\n<p>En la apertura del acto <strong>Aba<\/strong> analiz\u00f3 que producto de la situaci\u00f3n sanitaria por el Covid-19 este a\u00f1o los actos de asunci\u00f3n se realizaron por unidad acad\u00e9mica, y no de manera unificada como se hac\u00eda hist\u00f3ricamente en la sede Tandil. De todos modos expuso que <strong>estos actos \u201csiguen conservando la misma representaci\u00f3n de lo que significa el ejercicio de la democracia\u201d<\/strong>.<\/p>\n<p>&nbsp;<\/p>\n<blockquote><p>En este contexto dijo que \u201cel recambio de autoridades sirve como un renovar de fuerzas, como un renovar de esfuerzos porque hay una sociedad que espera mucho de la universidad p\u00fablica, que despu\u00e9s de esta crisis va a estar devastada\u201d.<\/p><\/blockquote>\n<p>&nbsp;<\/p>\n<p>Por su parte, <strong>Gamberini<\/strong> refiri\u00f3 que \u201ceste es un momento oportuno para reafirmar, una vez m\u00e1s, principios que definen una posici\u00f3n pol\u00edtica fuertemente arraigada en<strong> la convicci\u00f3n de la educaci\u00f3n y el conocimiento como bien p\u00fablico y social<\/strong> y en el ineludible papel del estado\u201d.<\/p>\n<p>&nbsp;<\/p>\n<p><img data-recalc-dims=\"1\" loading=\"lazy\" decoding=\"async\" class=\"size-large wp-image-25622 aligncenter\" src=\"https:\/\/i0.wp.com\/cdnoticias.com\/wp-content\/uploads\/2021\/07\/facso-acto-2.jpg?resize=800%2C450&#038;ssl=1\" alt=\"\" width=\"800\" height=\"450\" srcset=\"https:\/\/i0.wp.com\/cdnoticias.com\/wp-content\/uploads\/2021\/07\/facso-acto-2.jpg?resize=1024%2C576&amp;ssl=1 1024w, https:\/\/i0.wp.com\/cdnoticias.com\/wp-content\/uploads\/2021\/07\/facso-acto-2.jpg?resize=300%2C169&amp;ssl=1 300w, https:\/\/i0.wp.com\/cdnoticias.com\/wp-content\/uploads\/2021\/07\/facso-acto-2.jpg?resize=768%2C432&amp;ssl=1 768w, https:\/\/i0.wp.com\/cdnoticias.com\/wp-content\/uploads\/2021\/07\/facso-acto-2.jpg?w=1280&amp;ssl=1 1280w\" sizes=\"auto, (max-width: 800px) 100vw, 800px\" \/><\/p>\n<p>&nbsp;<\/p>\n<blockquote><p>La Decana de la FACSO agreg\u00f3: \u201cLa pandemia ha impactado fuerte en nuestras instituciones, en nuestras aulas, interrumpiendo los modos conocidos de educar y ha dado lugar a otros modos y formas educativas virtuales conducentes a garantizar la continuidad acad\u00e9mica, con un gran esfuerzo y compromiso de los diferentes claustros\u201d.<\/p><\/blockquote>\n<p>&nbsp;<\/p>\n<p>En el cierre del acto Gamberini reflexion\u00f3 sobre los <strong>desaf\u00edos de la gesti\u00f3<\/strong>n, que radican \u201cen habilitar espacios de debate, impulsar proyectos, favorecer oportunidades, fomentar miradas integrales, acompa\u00f1ar, incluir, escuchar, dialogar y delinear horizontes de futuro\u201d.<\/p>\n<p>&nbsp;<\/p>\n<p>Fuente:<em> Secretar\u00eda de Extensi\u00f3n, Bienestar y Transferencia de Facultad de Ciencias Sociales<\/em><\/p>\n","protected":false},"excerpt":{"rendered":"<p>Este viernes asumieron las autoridades de la Facultad de Ciencias Sociales, en el que juraron Gabriela Gamberini como Decana y<\/p>\n","protected":false},"author":4,"featured_media":25623,"comment_status":"closed","ping_status":"closed","sticky":false,"template":"","format":"standard","meta":{"_jetpack_memberships_contains_paid_content":false,"footnotes":""},"categories":[5,1],"tags":[],"class_list":["post-25618","post","type-post","status-publish","format-standard","has-post-thumbnail","hentry","category-informacion-general","category-portada"],"jetpack_featured_media_url":"https:\/\/i0.wp.com\/cdnoticias.com\/wp-content\/uploads\/2021\/07\/facso-acto-3.jpg?fit=1280%2C720&ssl=1","jetpack_sharing_enabled":true,"_links":{"self":[{"href":"https:\/\/cdnoticias.com\/index.php\/wp-json\/wp\/v2\/posts\/25618","targetHints":{"allow":["GET"]}}],"collection":[{"href":"https:\/\/cdnoticias.com\/index.php\/wp-json\/wp\/v2\/posts"}],"about":[{"href":"https:\/\/cdnoticias.com\/index.php\/wp-json\/wp\/v2\/types\/post"}],"author":[{"embeddable":true,"href":"https:\/\/cdnoticias.com\/index.php\/wp-json\/wp\/v2\/users\/4"}],"replies":[{"embeddable":true,"href":"https:\/\/cdnoticias.com\/index.php\/wp-json\/wp\/v2\/comments?post=25618"}],"version-history":[{"count":0,"href":"https:\/\/cdnoticias.com\/index.php\/wp-json\/wp\/v2\/posts\/25618\/revisions"}],"wp:featuredmedia":[{"embeddable":true,"href":"https:\/\/cdnoticias.com\/index.php\/wp-json\/wp\/v2\/media\/25623"}],"wp:attachment":[{"href":"https:\/\/cdnoticias.com\/index.php\/wp-json\/wp\/v2\/media?parent=25618"}],"wp:term":[{"taxonomy":"category","embeddable":true,"href":"https:\/\/cdnoticias.com\/index.php\/wp-json\/wp\/v2\/categories?post=25618"},{"taxonomy":"post_tag","embeddable":true,"href":"https:\/\/cdnoticias.com\/index.php\/wp-json\/wp\/v2\/tags?post=25618"}],"curies":[{"name":"wp","href":"https:\/\/api.w.org\/{rel}","templated":true}]}}