{"id":25614,"date":"2021-07-03T10:23:57","date_gmt":"2021-07-03T13:23:57","guid":{"rendered":"http:\/\/www.centraldenoticias.com.ar\/?p=25614"},"modified":"2021-07-03T12:22:32","modified_gmt":"2021-07-03T15:22:32","slug":"covid-olavarria-recibio-7-900-vacunas","status":"publish","type":"post","link":"https:\/\/cdnoticias.com\/index.php\/2021\/07\/03\/covid-olavarria-recibio-7-900-vacunas\/","title":{"rendered":"Covid: Olavarr\u00eda recibi\u00f3 7.900 vacunas"},"content":{"rendered":"<p>Las dosis correspondieron a Astrazeneca y Sputnik. Se distribuyeron en tres centros de vacunaci\u00f3n locales. En Olavarr\u00eda se han aplicado m\u00e1s de 63 mil dosis.<!--more--><\/p>\n<hr \/>\n<p><strong>La Regi\u00f3n Sanitaria IX inform\u00f3 que se distribuyeron en Olavarr\u00eda 7.900 vacunas contra el Covid<\/strong>.<\/p>\n<p>&nbsp;<\/p>\n<p>Las dosis correspondieron a Astrazeneca y Sputnik. <strong>Se distribuyeron en tres centros de vacunaci\u00f3n locales.<\/strong><\/p>\n<p>&nbsp;<\/p>\n<p><strong>En la sede de Suteba (Mutual Carlos Moreno) y en el Servicio Territorial N.\u00ba 2 se entregaron 500 dosis de Astrazeneca respectivamente<\/strong>.<\/p>\n<p>&nbsp;<\/p>\n<p><img data-recalc-dims=\"1\" loading=\"lazy\" decoding=\"async\" class=\"size-full wp-image-22601 aligncenter\" src=\"https:\/\/i0.wp.com\/cdnoticias.com\/wp-content\/uploads\/2021\/05\/vacunas03.jpg?resize=800%2C445&#038;ssl=1\" alt=\"\" width=\"800\" height=\"445\" srcset=\"https:\/\/i0.wp.com\/cdnoticias.com\/wp-content\/uploads\/2021\/05\/vacunas03.jpg?w=800&amp;ssl=1 800w, https:\/\/i0.wp.com\/cdnoticias.com\/wp-content\/uploads\/2021\/05\/vacunas03.jpg?resize=300%2C167&amp;ssl=1 300w, https:\/\/i0.wp.com\/cdnoticias.com\/wp-content\/uploads\/2021\/05\/vacunas03.jpg?resize=768%2C427&amp;ssl=1 768w\" sizes=\"auto, (max-width: 800px) 100vw, 800px\" \/><\/p>\n<p>&nbsp;<\/p>\n<p>En tanto, <strong>en el Centro Cultural Universitario de Unicen se entregaron 1.500 Astrazeneca y 5.400 dosis de Sputnik componente 1<\/strong>.<\/p>\n<p>&nbsp;<\/p>\n<p><strong>Seg\u00fan los datos oficiales del Ministerio de Salud provincial en Olavarr\u00eda se han aplicado 63.562 dosis<\/strong>. De ellas, <strong>51.459 corresponden al primer componente<\/strong> y 12.103 son las personas que completaron el esquema.<\/p>\n<p>&nbsp;<\/p>\n<p><strong>En todo el \u00e1mbito provincial se cuentan 6.495.254 primeras dosis aplicadas<\/strong>, tambi\u00e9n seg\u00fan datos oficiales actualizados hasta la noche del viernes por la cartera de Salud.<\/p>\n<p>&nbsp;<\/p>\n<p><img data-recalc-dims=\"1\" loading=\"lazy\" decoding=\"async\" class=\"size-large wp-image-25625 aligncenter\" src=\"https:\/\/i0.wp.com\/cdnoticias.com\/wp-content\/uploads\/2021\/07\/vacunaci%C3%B3n-provincia-1024x512.jpeg?resize=800%2C400&#038;ssl=1\" alt=\"\" width=\"800\" height=\"400\" srcset=\"https:\/\/i0.wp.com\/cdnoticias.com\/wp-content\/uploads\/2021\/07\/vacunaci%C3%B3n-provincia.jpeg?resize=1024%2C512&amp;ssl=1 1024w, https:\/\/i0.wp.com\/cdnoticias.com\/wp-content\/uploads\/2021\/07\/vacunaci%C3%B3n-provincia.jpeg?resize=300%2C150&amp;ssl=1 300w, https:\/\/i0.wp.com\/cdnoticias.com\/wp-content\/uploads\/2021\/07\/vacunaci%C3%B3n-provincia.jpeg?resize=768%2C384&amp;ssl=1 768w, https:\/\/i0.wp.com\/cdnoticias.com\/wp-content\/uploads\/2021\/07\/vacunaci%C3%B3n-provincia.jpeg?w=1280&amp;ssl=1 1280w\" sizes=\"auto, (max-width: 800px) 100vw, 800px\" \/><\/p>\n<p>&nbsp;<\/p>\n<p>Cabe recordar que\u00a0<a href=\"https:\/\/cdnoticias.com\/index.php\/2021\/06\/29\/se-abre-la-vacunacion-libre-de-primeras-dosis-para-todos-los-grupos-de-riesgo\/\" target=\"_blank\" rel=\"noopener\">el gobernador Kicillof habilit\u00f3 la \u201cvacunaci\u00f3n libre\u201d<\/a>\u00a0<em>para todos los grupos de riesgo en personas mayores de 18 a\u00f1os, los mayores de 50 a\u00f1os en general, las personas gestantes, y personal de salud, docente y de seguridad<\/em>. S\u00f3lo deber\u00e1n asistir con el DNI a los centros de vacunaci\u00f3n.<\/p>\n<p>&nbsp;<\/p>\n<p>En tanto, para el resto,\u00a0<strong>la vacunaci\u00f3n es \u00fanicamente por turnos, tanto para primeras como segundas dosis<\/strong>, por lo que se le pide a la comunidad que est\u00e9n atentos a los mensajes con la notificaci\u00f3n del d\u00eda y horario para aplicarse la dosis correspondiente.<\/p>\n<p>&nbsp;<\/p>\n<p>Todos los interesados en acceder al plan provincial de vacunaci\u00f3n contra el coronavirus, que es p\u00fablico, gratuito y optativo, pueden sacar turno de manera virtual<a href=\"https:\/\/vacunatepba.gba.gob.ar\/\" target=\"_blank\" rel=\"noopener\"> entrando en la p\u00e1gina oficial<\/a> o de forma presencial en ANSES, IOMA, PAMI, Ministerio de trabajo, Centro de Documentaci\u00f3n R\u00e1pida, entre otros.<\/p>\n","protected":false},"excerpt":{"rendered":"<p>Las dosis correspondieron a Astrazeneca y Sputnik. Se distribuyeron en tres centros de vacunaci\u00f3n locales. En Olavarr\u00eda se han aplicado<\/p>\n","protected":false},"author":4,"featured_media":19506,"comment_status":"closed","ping_status":"closed","sticky":false,"template":"","format":"standard","meta":{"_jetpack_memberships_contains_paid_content":false,"footnotes":""},"categories":[16,1],"tags":[],"class_list":["post-25614","post","type-post","status-publish","format-standard","has-post-thumbnail","hentry","category-covid-19","category-portada"],"jetpack_featured_media_url":"https:\/\/i0.wp.com\/cdnoticias.com\/wp-content\/uploads\/2021\/04\/vacuna-00.jpg?fit=800%2C445&ssl=1","jetpack_sharing_enabled":true,"_links":{"self":[{"href":"https:\/\/cdnoticias.com\/index.php\/wp-json\/wp\/v2\/posts\/25614","targetHints":{"allow":["GET"]}}],"collection":[{"href":"https:\/\/cdnoticias.com\/index.php\/wp-json\/wp\/v2\/posts"}],"about":[{"href":"https:\/\/cdnoticias.com\/index.php\/wp-json\/wp\/v2\/types\/post"}],"author":[{"embeddable":true,"href":"https:\/\/cdnoticias.com\/index.php\/wp-json\/wp\/v2\/users\/4"}],"replies":[{"embeddable":true,"href":"https:\/\/cdnoticias.com\/index.php\/wp-json\/wp\/v2\/comments?post=25614"}],"version-history":[{"count":0,"href":"https:\/\/cdnoticias.com\/index.php\/wp-json\/wp\/v2\/posts\/25614\/revisions"}],"wp:featuredmedia":[{"embeddable":true,"href":"https:\/\/cdnoticias.com\/index.php\/wp-json\/wp\/v2\/media\/19506"}],"wp:attachment":[{"href":"https:\/\/cdnoticias.com\/index.php\/wp-json\/wp\/v2\/media?parent=25614"}],"wp:term":[{"taxonomy":"category","embeddable":true,"href":"https:\/\/cdnoticias.com\/index.php\/wp-json\/wp\/v2\/categories?post=25614"},{"taxonomy":"post_tag","embeddable":true,"href":"https:\/\/cdnoticias.com\/index.php\/wp-json\/wp\/v2\/tags?post=25614"}],"curies":[{"name":"wp","href":"https:\/\/api.w.org\/{rel}","templated":true}]}}