{"id":25597,"date":"2021-07-03T09:24:58","date_gmt":"2021-07-03T12:24:58","guid":{"rendered":"http:\/\/www.centraldenoticias.com.ar\/?p=25597"},"modified":"2021-07-03T11:01:58","modified_gmt":"2021-07-03T14:01:58","slug":"mesa-de-cannabis-talleres-de-cultivo-domestico-acceso-legal","status":"publish","type":"post","link":"https:\/\/cdnoticias.com\/index.php\/2021\/07\/03\/mesa-de-cannabis-talleres-de-cultivo-domestico-acceso-legal\/","title":{"rendered":"Mesa de Cannabis: \u201cTalleres de cultivo dom\u00e9stico. Acceso legal\u201d"},"content":{"rendered":"<p>Ser\u00e1n 4 encuentros presenciales en el Centro Cultural San Jos\u00e9. Se llevar\u00e1n adelante &#8220;respetando los protocolos vigentes&#8221; se indic\u00f3. El primer encuentro ser\u00e1 el s\u00e1bado 10 de julio a las 15.<\/p>\n<p><!--more--><\/p>\n<hr \/>\n<p>La <strong>Mesa de Cannabis del Concejo Deliberante<\/strong> llevar\u00e1 adelante la propuesta <strong>\u201cTalleres de Cultivo Dom\u00e9stico. Acceso legal\u201d.<\/strong><\/p>\n<p>&nbsp;<\/p>\n<p>Se indic\u00f3 que se llevar\u00e1 a cabo respetando los <strong>protocolos vigentes<\/strong> en <strong>4 encuentros presenciales en el Centro Cultural San Jos\u00e9.<\/strong><\/p>\n<p><img data-recalc-dims=\"1\" loading=\"lazy\" decoding=\"async\" class=\"wp-image-25598 aligncenter\" src=\"https:\/\/i0.wp.com\/cdnoticias.com\/wp-content\/uploads\/2021\/07\/WhatsApp-Image-2021-06-28-at-12.09.12-PM.jpeg?resize=500%2C386&#038;ssl=1\" alt=\"\" width=\"500\" height=\"386\" srcset=\"https:\/\/i0.wp.com\/cdnoticias.com\/wp-content\/uploads\/2021\/07\/WhatsApp-Image-2021-06-28-at-12.09.12-PM.jpeg?resize=1024%2C791&amp;ssl=1 1024w, https:\/\/i0.wp.com\/cdnoticias.com\/wp-content\/uploads\/2021\/07\/WhatsApp-Image-2021-06-28-at-12.09.12-PM.jpeg?resize=300%2C232&amp;ssl=1 300w, https:\/\/i0.wp.com\/cdnoticias.com\/wp-content\/uploads\/2021\/07\/WhatsApp-Image-2021-06-28-at-12.09.12-PM.jpeg?resize=768%2C593&amp;ssl=1 768w, https:\/\/i0.wp.com\/cdnoticias.com\/wp-content\/uploads\/2021\/07\/WhatsApp-Image-2021-06-28-at-12.09.12-PM.jpeg?w=1056&amp;ssl=1 1056w\" sizes=\"auto, (max-width: 500px) 100vw, 500px\" \/><\/p>\n<p>El <strong>primer encuentro ser\u00e1 el s\u00e1bado 10 de julio a las 15.<\/strong> Luego continuar\u00e1 los d\u00edas <strong>17 y 31 de julio.<\/strong> El \u00faltimo encuentro se realizar\u00e1 <strong>el s\u00e1bado 7 de agosto.<\/strong><\/p>\n<p>&nbsp;<\/p>\n<p>A cargo de los encuentros estar\u00e1n<strong> Gast\u00f3n Barreto<\/strong> (CONICET \u2013 FIO) y <strong>Emilio Hurtado<\/strong> (Cannabis Activa) ambos integrantes de <strong>Universidad y Cannabis.<\/strong> Adem\u00e1s estar\u00e1 presente la<strong> Mesa Interdisciplinaria del Cannabis.<\/strong><\/p>\n<p>&nbsp;<\/p>\n<p>Para los interesados<strong> deben inscribirse previamente a trav\u00e9s del siguiente link<\/strong>: <a href=\"https:\/\/bit.ly\/tallerdeautocultivo\" target=\"_blank\" rel=\"noopener\">https:\/\/bit.ly\/tallerdeautocultivo<\/a><\/p>\n","protected":false},"excerpt":{"rendered":"<p>Ser\u00e1n 4 encuentros presenciales en el Centro Cultural San Jos\u00e9. Se llevar\u00e1n adelante &#8220;respetando los protocolos vigentes&#8221; se indic\u00f3. El<\/p>\n","protected":false},"author":6,"featured_media":25610,"comment_status":"closed","ping_status":"closed","sticky":false,"template":"","format":"standard","meta":{"_jetpack_memberships_contains_paid_content":false,"footnotes":""},"categories":[5,1],"tags":[],"class_list":["post-25597","post","type-post","status-publish","format-standard","has-post-thumbnail","hentry","category-informacion-general","category-portada"],"jetpack_featured_media_url":"https:\/\/i0.wp.com\/cdnoticias.com\/wp-content\/uploads\/2021\/07\/cultivo-de-cannabis.jpg?fit=1004%2C565&ssl=1","jetpack_sharing_enabled":true,"_links":{"self":[{"href":"https:\/\/cdnoticias.com\/index.php\/wp-json\/wp\/v2\/posts\/25597","targetHints":{"allow":["GET"]}}],"collection":[{"href":"https:\/\/cdnoticias.com\/index.php\/wp-json\/wp\/v2\/posts"}],"about":[{"href":"https:\/\/cdnoticias.com\/index.php\/wp-json\/wp\/v2\/types\/post"}],"author":[{"embeddable":true,"href":"https:\/\/cdnoticias.com\/index.php\/wp-json\/wp\/v2\/users\/6"}],"replies":[{"embeddable":true,"href":"https:\/\/cdnoticias.com\/index.php\/wp-json\/wp\/v2\/comments?post=25597"}],"version-history":[{"count":0,"href":"https:\/\/cdnoticias.com\/index.php\/wp-json\/wp\/v2\/posts\/25597\/revisions"}],"wp:featuredmedia":[{"embeddable":true,"href":"https:\/\/cdnoticias.com\/index.php\/wp-json\/wp\/v2\/media\/25610"}],"wp:attachment":[{"href":"https:\/\/cdnoticias.com\/index.php\/wp-json\/wp\/v2\/media?parent=25597"}],"wp:term":[{"taxonomy":"category","embeddable":true,"href":"https:\/\/cdnoticias.com\/index.php\/wp-json\/wp\/v2\/categories?post=25597"},{"taxonomy":"post_tag","embeddable":true,"href":"https:\/\/cdnoticias.com\/index.php\/wp-json\/wp\/v2\/tags?post=25597"}],"curies":[{"name":"wp","href":"https:\/\/api.w.org\/{rel}","templated":true}]}}