{"id":25579,"date":"2021-07-02T17:48:46","date_gmt":"2021-07-02T20:48:46","guid":{"rendered":"http:\/\/www.centraldenoticias.com.ar\/?p=25579"},"modified":"2021-07-02T17:48:46","modified_gmt":"2021-07-02T20:48:46","slug":"procrear-aprobaron-el-credito-a-12-familias-olavarrienses","status":"publish","type":"post","link":"https:\/\/cdnoticias.com\/index.php\/2021\/07\/02\/procrear-aprobaron-el-credito-a-12-familias-olavarrienses\/","title":{"rendered":"Procrear: Aprobaron el cr\u00e9dito a 12 familias olavarrienses"},"content":{"rendered":"<p>Fueron parte de un acto virtual que se desarroll\u00f3 en el Colegio de Ingenieros y que cont\u00f3 con la presencia del ministro Jorge Ferraresi.<!--more--><\/p>\n<hr \/>\n<p><strong>\u201cCuando nos hablaban, me daban ganas de llorar, porque la verdad, que es el sue\u00f1o de nosotros como familia\u201d<\/strong>. As\u00ed lo manifest\u00f3 una de las integrantes de 12 familias olavarrienses que empiezan hacer posible el sue\u00f1o de su casa propia.<\/p>\n<p>&nbsp;<\/p>\n<p>En la tarde de este viernes 12 familias de nuestra ciudad participaron de un acto virtual en el marco de la <strong>firma de cr\u00e9ditos otorgados para la l\u00ednea Lotes con Viviendas a Construir del Procrear II, que impulsa el Ministerio de Desarrollo Territorial y H\u00e1bitat del Gobierno Nacional.<\/strong><\/p>\n<p>&nbsp;<\/p>\n<p><img data-recalc-dims=\"1\" loading=\"lazy\" decoding=\"async\" class=\"alignnone size-large wp-image-25583\" src=\"https:\/\/i0.wp.com\/cdnoticias.com\/wp-content\/uploads\/2021\/07\/WhatsApp-Image-2021-07-02-at-16.57.32.jpeg?resize=800%2C598&#038;ssl=1\" alt=\"\" width=\"800\" height=\"598\" srcset=\"https:\/\/i0.wp.com\/cdnoticias.com\/wp-content\/uploads\/2021\/07\/WhatsApp-Image-2021-07-02-at-16.57.32.jpeg?resize=1024%2C766&amp;ssl=1 1024w, https:\/\/i0.wp.com\/cdnoticias.com\/wp-content\/uploads\/2021\/07\/WhatsApp-Image-2021-07-02-at-16.57.32.jpeg?resize=300%2C225&amp;ssl=1 300w, https:\/\/i0.wp.com\/cdnoticias.com\/wp-content\/uploads\/2021\/07\/WhatsApp-Image-2021-07-02-at-16.57.32.jpeg?resize=768%2C575&amp;ssl=1 768w, https:\/\/i0.wp.com\/cdnoticias.com\/wp-content\/uploads\/2021\/07\/WhatsApp-Image-2021-07-02-at-16.57.32.jpeg?w=1280&amp;ssl=1 1280w\" sizes=\"auto, (max-width: 800px) 100vw, 800px\" \/><\/p>\n<p>&nbsp;<\/p>\n<p><strong>La aprobaci\u00f3n de 12 cr\u00e9ditos para familias olavarrienses, de un total de 97 sorteadas, se formaliz\u00f3 en un acto que tuvo lugar de manera virtual y fue encabezado por el Ministro nacional, Jorge Ferraresi<\/strong>. Participaron del mismo 4 familias de las 12 y fueron acompa\u00f1adas por el responsable de la Delegaci\u00f3n de ANSES Olavarr\u00eda Maximiliano Wesner.<\/p>\n<p>&nbsp;<\/p>\n<p>En ese sentido el representante de ANSES local destac\u00f3 que <strong>&#8220;con estas pol\u00edticas p\u00fablicas del gobierno nacional se empieza a poner en marcha al pa\u00eds, se pone en marcha la econom\u00eda a trav\u00e9s del trabajo<\/strong>. Como dijo el Ministro Ferraresi a las familias presentes, es necesario que les cuenten a m\u00e1s argentinos sobre estos Programas, para que cada vez m\u00e1s argentinos se sumen y que la vivienda empiece a ser un derecho&#8221;<\/p>\n<p>&nbsp;<\/p>\n<p><img data-recalc-dims=\"1\" loading=\"lazy\" decoding=\"async\" class=\"alignnone size-large wp-image-25582\" src=\"https:\/\/i0.wp.com\/cdnoticias.com\/wp-content\/uploads\/2021\/07\/WhatsApp-Image-2021-07-02-at-16.57.33.jpeg?resize=800%2C598&#038;ssl=1\" alt=\"\" width=\"800\" height=\"598\" srcset=\"https:\/\/i0.wp.com\/cdnoticias.com\/wp-content\/uploads\/2021\/07\/WhatsApp-Image-2021-07-02-at-16.57.33.jpeg?resize=1024%2C766&amp;ssl=1 1024w, https:\/\/i0.wp.com\/cdnoticias.com\/wp-content\/uploads\/2021\/07\/WhatsApp-Image-2021-07-02-at-16.57.33.jpeg?resize=300%2C225&amp;ssl=1 300w, https:\/\/i0.wp.com\/cdnoticias.com\/wp-content\/uploads\/2021\/07\/WhatsApp-Image-2021-07-02-at-16.57.33.jpeg?resize=768%2C575&amp;ssl=1 768w, https:\/\/i0.wp.com\/cdnoticias.com\/wp-content\/uploads\/2021\/07\/WhatsApp-Image-2021-07-02-at-16.57.33.jpeg?w=1280&amp;ssl=1 1280w\" sizes=\"auto, (max-width: 800px) 100vw, 800px\" \/><\/p>\n<p>&nbsp;<\/p>\n<p>En el marco de la charla con las distintas familias Wesner se\u00f1al\u00f3 <strong>&#8220;cada cr\u00e9dito que ustedes toman y empiezan a construir son dos o tres puestos de trabajo que impactan directamente en la regi\u00f3n y de esta forma se empieza a recuperar a la Argentina a trav\u00e9s del trabajo y de un Estado presente&#8221;.<\/strong><\/p>\n<p>&nbsp;<\/p>\n<p>Por \u00faltimo, una de las beneficiarias del cr\u00e9dito indic\u00f3 <strong>&#8220;no lo puedo creer, no cre\u00ed que me pod\u00eda pasar, de echo cuando me llamaron no entend\u00eda nada, no sabia que me estaban diciendo.<\/strong> Al principio asustada, porque hab\u00eda que seguir pasos, pero a medida que \u00edbamos avanzando una emoci\u00f3n sumamente grande, ya que cre\u00eda que nunca nos iba a pasar. Cuando nos hablaban, me daban ganas de llorar, porque la verdad, que es el sue\u00f1o de nosotros como familia&#8221;.<\/p>\n","protected":false},"excerpt":{"rendered":"<p>Fueron parte de un acto virtual que se desarroll\u00f3 en el Colegio de Ingenieros y que cont\u00f3 con la presencia<\/p>\n","protected":false},"author":3,"featured_media":25580,"comment_status":"closed","ping_status":"closed","sticky":false,"template":"","format":"standard","meta":{"_jetpack_memberships_contains_paid_content":false,"footnotes":""},"categories":[5,1],"tags":[],"class_list":["post-25579","post","type-post","status-publish","format-standard","has-post-thumbnail","hentry","category-informacion-general","category-portada"],"jetpack_featured_media_url":"https:\/\/i0.wp.com\/cdnoticias.com\/wp-content\/uploads\/2021\/07\/WhatsApp-Image-2021-07-02-at-16.57.34-1.jpeg?fit=1280%2C958&ssl=1","jetpack_sharing_enabled":true,"_links":{"self":[{"href":"https:\/\/cdnoticias.com\/index.php\/wp-json\/wp\/v2\/posts\/25579","targetHints":{"allow":["GET"]}}],"collection":[{"href":"https:\/\/cdnoticias.com\/index.php\/wp-json\/wp\/v2\/posts"}],"about":[{"href":"https:\/\/cdnoticias.com\/index.php\/wp-json\/wp\/v2\/types\/post"}],"author":[{"embeddable":true,"href":"https:\/\/cdnoticias.com\/index.php\/wp-json\/wp\/v2\/users\/3"}],"replies":[{"embeddable":true,"href":"https:\/\/cdnoticias.com\/index.php\/wp-json\/wp\/v2\/comments?post=25579"}],"version-history":[{"count":0,"href":"https:\/\/cdnoticias.com\/index.php\/wp-json\/wp\/v2\/posts\/25579\/revisions"}],"wp:featuredmedia":[{"embeddable":true,"href":"https:\/\/cdnoticias.com\/index.php\/wp-json\/wp\/v2\/media\/25580"}],"wp:attachment":[{"href":"https:\/\/cdnoticias.com\/index.php\/wp-json\/wp\/v2\/media?parent=25579"}],"wp:term":[{"taxonomy":"category","embeddable":true,"href":"https:\/\/cdnoticias.com\/index.php\/wp-json\/wp\/v2\/categories?post=25579"},{"taxonomy":"post_tag","embeddable":true,"href":"https:\/\/cdnoticias.com\/index.php\/wp-json\/wp\/v2\/tags?post=25579"}],"curies":[{"name":"wp","href":"https:\/\/api.w.org\/{rel}","templated":true}]}}