{"id":25565,"date":"2021-07-02T17:58:14","date_gmt":"2021-07-02T20:58:14","guid":{"rendered":"http:\/\/www.centraldenoticias.com.ar\/?p=25565"},"modified":"2021-07-02T17:58:30","modified_gmt":"2021-07-02T20:58:30","slug":"policia-federal-homenajeo-a-los-caidos-en-cumplimiento-del-deber","status":"publish","type":"post","link":"https:\/\/cdnoticias.com\/index.php\/2021\/07\/02\/policia-federal-homenajeo-a-los-caidos-en-cumplimiento-del-deber\/","title":{"rendered":"Polic\u00eda Federal homenaje\u00f3 a los ca\u00eddos en cumplimiento del deber"},"content":{"rendered":"<p>El acto se llev\u00f3 a cabo en el edificio de la Divisi\u00f3n Operativa local, con un riguroso protocolo sanitario.<!--more--><\/p>\n<hr \/>\n<p>En la jornada de este viernes la Divisi\u00f3n Unidad Operativa Federal de Olavarr\u00eda llev\u00f3 adelante un <strong>acto en conmemoraci\u00f3n de polic\u00edas federales ca\u00eddos en cumplimiento del deber.<\/strong><\/p>\n<p>&nbsp;<\/p>\n<p>El respetuoso y sentido acto fue liderado por <strong>el jefe de la Unidad Operativa local, el subcomisario Pablo Gonz\u00e1lez, quien evoc\u00f3 un discurso alusivo.<\/strong><\/p>\n<p>&nbsp;<\/p>\n<p>Instantes despu\u00e9s tambi\u00e9n fue el encargado de colocar un<strong> arreglo floral en la placa alusiva ubicada en el acceso a la dependencia, lo cual lo hizo en compa\u00f1\u00eda de familiares, precisamente, de un efectivo ca\u00eddo en cumplimiento del deber<\/strong>.<\/p>\n<p>&nbsp;<\/p>\n<p>Por \u00faltimo, se enfatiz\u00f3 que todo el personal abocado al acto se encontraba <strong>cumpliendo con el protocolo de aislamiento previsto.<\/strong><\/p>\n","protected":false},"excerpt":{"rendered":"<p>El acto se llev\u00f3 a cabo en el edificio de la Divisi\u00f3n Operativa local, con un riguroso protocolo sanitario.<\/p>\n","protected":false},"author":3,"featured_media":25566,"comment_status":"closed","ping_status":"closed","sticky":false,"template":"","format":"standard","meta":{"_jetpack_memberships_contains_paid_content":false,"footnotes":""},"categories":[14],"tags":[],"class_list":["post-25565","post","type-post","status-publish","format-standard","has-post-thumbnail","hentry","category-policiales"],"jetpack_featured_media_url":"https:\/\/i0.wp.com\/cdnoticias.com\/wp-content\/uploads\/2021\/07\/federal.jpg?fit=800%2C445&ssl=1","jetpack_sharing_enabled":true,"_links":{"self":[{"href":"https:\/\/cdnoticias.com\/index.php\/wp-json\/wp\/v2\/posts\/25565","targetHints":{"allow":["GET"]}}],"collection":[{"href":"https:\/\/cdnoticias.com\/index.php\/wp-json\/wp\/v2\/posts"}],"about":[{"href":"https:\/\/cdnoticias.com\/index.php\/wp-json\/wp\/v2\/types\/post"}],"author":[{"embeddable":true,"href":"https:\/\/cdnoticias.com\/index.php\/wp-json\/wp\/v2\/users\/3"}],"replies":[{"embeddable":true,"href":"https:\/\/cdnoticias.com\/index.php\/wp-json\/wp\/v2\/comments?post=25565"}],"version-history":[{"count":0,"href":"https:\/\/cdnoticias.com\/index.php\/wp-json\/wp\/v2\/posts\/25565\/revisions"}],"wp:featuredmedia":[{"embeddable":true,"href":"https:\/\/cdnoticias.com\/index.php\/wp-json\/wp\/v2\/media\/25566"}],"wp:attachment":[{"href":"https:\/\/cdnoticias.com\/index.php\/wp-json\/wp\/v2\/media?parent=25565"}],"wp:term":[{"taxonomy":"category","embeddable":true,"href":"https:\/\/cdnoticias.com\/index.php\/wp-json\/wp\/v2\/categories?post=25565"},{"taxonomy":"post_tag","embeddable":true,"href":"https:\/\/cdnoticias.com\/index.php\/wp-json\/wp\/v2\/tags?post=25565"}],"curies":[{"name":"wp","href":"https:\/\/api.w.org\/{rel}","templated":true}]}}