{"id":25495,"date":"2021-07-01T21:16:47","date_gmt":"2021-07-02T00:16:47","guid":{"rendered":"http:\/\/www.centraldenoticias.com.ar\/?p=25495"},"modified":"2021-07-02T08:19:15","modified_gmt":"2021-07-02T11:19:15","slug":"el-segundo-semestre-de-la-pandemia-en-olavarria","status":"publish","type":"post","link":"https:\/\/cdnoticias.com\/index.php\/2021\/07\/01\/el-segundo-semestre-de-la-pandemia-en-olavarria\/","title":{"rendered":"El segundo semestre de la pandemia en Olavarr\u00eda"},"content":{"rendered":"<p>En junio se cumpli\u00f3 el primer a\u00f1o del impacto real del coronavirus en el distrito. El sexto mes de 2021 confirm\u00f3 la tendencia a la baja despu\u00e9s del mayor pico de contagios. \u00bfOtra vez aumentan los casos?<!--more--><\/p>\n<hr \/>\n<p><strong>Josefina Bargas<\/strong> \/ <a href=\"https:\/\/twitter.com\/JosefinaB\" target=\"_blank\" rel=\"noopener\">@JosefinaB<\/a><\/p>\n<p><em>(del staff de Central de Noticias)<\/em><\/p>\n<p>&nbsp;<\/p>\n<p><strong>En los primeros seis meses de 2021 se hicieron en Olavarr\u00eda 29.050 testeos de Covid<\/strong>. Con ellos se confirmaron <strong>9.051 casos<\/strong> y <strong>8.611 pacientes recibieron el alta<\/strong>. En tanto, <strong>215 personas fallecieron<\/strong>.<\/p>\n<p>&nbsp;<\/p>\n<p>Este mi\u00e9rcoles cerr\u00f3 el primer semestre del a\u00f1o. <strong>En Olavarr\u00eda fue el segundo semestre de la pandemia<\/strong>, ya que si bien la emergencia sanitaria se declar\u00f3 en marzo del a\u00f1o pasado, los casos locales comenzaron a detectarse en el sexto mes de 2020.<\/p>\n<p>&nbsp;<\/p>\n<p><em><strong>Central de Noticias<\/strong><\/em> presenta <strong>un balance de los primeros seis meses del a\u00f1o<\/strong>, y adem\u00e1s <strong>\u00bfOlavarr\u00eda est\u00e1 otra vez ante la tendencia a la suba de contagios?<\/strong><\/p>\n<p>&nbsp;<\/p>\n<p><iframe class=\"flourish-embed-iframe\" style=\"width: 100%; height: 600px;\" title=\"Interactive or visual content\" src=\"https:\/\/flo.uri.sh\/visualisation\/6598570\/embed\" frameborder=\"0\" scrolling=\"no\" sandbox=\"allow-same-origin allow-forms allow-scripts allow-downloads allow-popups allow-popups-to-escape-sandbox allow-top-navigation-by-user-activation\"><\/iframe><\/p>\n<div style=\"width: 100%!; margin-top: 4px!important; text-align: right!important;\"><a class=\"flourish-credit\" style=\"text-decoration: none!important;\" href=\"https:\/\/public.flourish.studio\/visualisation\/6598570\/?utm_source=embed&amp;utm_campaign=visualisation\/6598570\" target=\"_top\"><img decoding=\"async\" style=\"width: 105px!important; height: 16px!important; border: none!important; margin: 0!important;\" src=\"https:\/\/public.flourish.studio\/resources\/made_with_flourish.svg\" alt=\"Made with Flourish\" \/> <\/a><\/div>\n<p>&nbsp;<\/p>\n<p><strong>Seis meses de 2021<\/strong><\/p>\n<p>&nbsp;<\/p>\n<p>En t\u00e9rminos de pandemia, el a\u00f1o comenz\u00f3 con bastante estabilidad. Si bien hubo una peque\u00f1a suba de casos a fines de diciembre en el marco de las fiestas, <strong>el verano no tuvo mayores sobresaltos<\/strong>. Sin embargo, <strong>en la segunda mitad de marzo comenz\u00f3 a cambiar el panorama<\/strong>.<\/p>\n<p>&nbsp;<\/p>\n<blockquote><p>Abril fue el peor mes de la pandemia en el distrito desde su inicio el a\u00f1o pasado: en ese mes se detectaron 3.106 nuevos casos (34,3% de todos los casos de 2021) y se registraron 84 fallecimientos (39% de los decesos). La positividad super\u00f3 36% .<\/p><\/blockquote>\n<p>&nbsp;<\/p>\n<p><strong>En mayo los indicadores locales bajaron a la mitad y en junio se ratific\u00f3 esa tendencia<\/strong>: nuevamente cayeron todos los registros.<\/p>\n<p>&nbsp;<\/p>\n<p><strong>El mes que termin\u00f3 se detectaron 1.370 nuevos casos y 34 pacientes fallecieron<\/strong>. Se concretaron 4.671 testeos con lo que la positividad fue de alrededor de 29% en el mes.<\/p>\n<p>&nbsp;<\/p>\n<p>Adem\u00e1s, <strong>en el \u00faltimo d\u00eda del primer semestre del a\u00f1o se alcanzaron los 50.000 olavarrienses vacunados<\/strong> <a href=\"https:\/\/cdnoticias.com\/index.php\/2021\/07\/01\/olavarria-llego-a-las-50-mil-personas-vacunadas-con-al-menos-una-dosis-contra-el-covid\/\" target=\"_blank\" rel=\"noopener\">seg\u00fan indic\u00f3 la Regi\u00f3n Sanitaria IX<\/a>.<\/p>\n<p><iframe class=\"flourish-embed-iframe\" style=\"width: 100%; height: 600px;\" title=\"Interactive or visual content\" src=\"https:\/\/flo.uri.sh\/visualisation\/5767414\/embed\" frameborder=\"0\" scrolling=\"no\" sandbox=\"allow-same-origin allow-forms allow-scripts allow-downloads allow-popups allow-popups-to-escape-sandbox allow-top-navigation-by-user-activation\"><\/iframe><\/p>\n<div style=\"width: 100%!; margin-top: 4px!important; text-align: right!important;\"><a class=\"flourish-credit\" style=\"text-decoration: none!important;\" href=\"https:\/\/public.flourish.studio\/visualisation\/5767414\/?utm_source=embed&amp;utm_campaign=visualisation\/5767414\" target=\"_top\"><img decoding=\"async\" style=\"width: 105px!important; height: 16px!important; border: none!important; margin: 0!important;\" src=\"https:\/\/public.flourish.studio\/resources\/made_with_flourish.svg\" alt=\"Made with Flourish\" \/> <\/a><\/div>\n<p>&nbsp;<\/p>\n<p><strong>La palabra del intendente<\/strong><\/p>\n<p>&nbsp;<\/p>\n<p>Justamente, <strong>de la mano de la tendencia a la suba de casos que se inici\u00f3 en marzo el intendente Ezequiel Galli retom\u00f3 las conferencias de prensa frecuentes<\/strong>. <a href=\"https:\/\/cdnoticias.com\/index.php\/2021\/03\/23\/covid-19-y-nuevas-medidas-estamos-en-el-comienzo-de-la-segunda-ola\/\" target=\"_blank\" rel=\"noopener\">El 23 de marzo volvi\u00f3 a hablar junto al secretario de Salud Germ\u00e1n Caputo<\/a> para adelantar las primeras restricciones: <strong>se iniciaba la segunda ola<\/strong>.<\/p>\n<p>&nbsp;<\/p>\n<p>En esos d\u00edas ya se notaba la tendencia al ascenso y si bien<strong> la Provincia manten\u00eda a Olavarr\u00eda en una fase permisiva<\/strong> de actividades, el Ejecutivo local comenz\u00f3 a mostrar su decisi\u00f3n de avanzar en l\u00edmites.<\/p>\n<p>&nbsp;<\/p>\n<p>La tendencia no se detuvo: <a href=\"https:\/\/cdnoticias.com\/index.php\/2021\/04\/05\/en-un-pico-record-galli-anuncio-nuevas-restricciones-y-alertaron-por-la-ocupacion-hospitalaria\/\" target=\"_blank\" rel=\"noopener\">el 5 de abril nuevamente Galli y Caputo dieron una conferencia<\/a>. En esa jornada se hab\u00eda registrado el r\u00e9cord absoluto de testeos y de casos positivos en Olavarr\u00eda. <strong>Se confirmaron 254 casos tras casi 600 testeos en un s\u00f3lo d\u00eda: la segunda ola era una realidad. Para ese momento ya era preocupante la ocupaci\u00f3n hospitalaria.<\/strong><\/p>\n<p>&nbsp;<\/p>\n<p>A la semana siguiente <a href=\"https:\/\/cdnoticias.com\/index.php\/2021\/04\/10\/desde-el-municipio-se-ratifico-la-circulacion-de-variantes-de-covid19\/\" target=\"_blank\" rel=\"noopener\">se confirm\u00f3 la circulaci\u00f3n de nuevas variantes del virus<\/a>, lo cual explic\u00f3 en parte el acelerado crecimiento de los contagios. Con esa confirmaci\u00f3n, el Municipio dispuso m\u00e1s restricciones.<\/p>\n<p>&nbsp;<\/p>\n<p><strong>El 19 de abril fue Germ\u00e1n Caputo quien encabez\u00f3 una conferencia<\/strong> y con el respaldo de las autoridades sanitarias del Hospital: <a href=\"https:\/\/cdnoticias.com\/index.php\/2021\/04\/19\/german-caputo-nunca-se-dejara-morir-a-nadie-sin-atencion-medica\/\" target=\"_blank\" rel=\"noopener\">respondi\u00f3 a cuestionamientos sobre la capacidad de atenci\u00f3n local<\/a>.<\/p>\n<p>&nbsp;<\/p>\n<p><img data-recalc-dims=\"1\" loading=\"lazy\" decoding=\"async\" class=\"size-large wp-image-22188 aligncenter\" src=\"https:\/\/i0.wp.com\/cdnoticias.com\/wp-content\/uploads\/2021\/05\/WhatsApp-Image-2021-05-22-at-20.29.51.jpeg?resize=800%2C534&#038;ssl=1\" alt=\"\" width=\"800\" height=\"534\" srcset=\"https:\/\/i0.wp.com\/cdnoticias.com\/wp-content\/uploads\/2021\/05\/WhatsApp-Image-2021-05-22-at-20.29.51.jpeg?resize=1024%2C683&amp;ssl=1 1024w, https:\/\/i0.wp.com\/cdnoticias.com\/wp-content\/uploads\/2021\/05\/WhatsApp-Image-2021-05-22-at-20.29.51.jpeg?resize=300%2C200&amp;ssl=1 300w, https:\/\/i0.wp.com\/cdnoticias.com\/wp-content\/uploads\/2021\/05\/WhatsApp-Image-2021-05-22-at-20.29.51.jpeg?resize=768%2C512&amp;ssl=1 768w, https:\/\/i0.wp.com\/cdnoticias.com\/wp-content\/uploads\/2021\/05\/WhatsApp-Image-2021-05-22-at-20.29.51.jpeg?resize=272%2C182&amp;ssl=1 272w, https:\/\/i0.wp.com\/cdnoticias.com\/wp-content\/uploads\/2021\/05\/WhatsApp-Image-2021-05-22-at-20.29.51.jpeg?w=1152&amp;ssl=1 1152w\" sizes=\"auto, (max-width: 800px) 100vw, 800px\" \/><\/p>\n<p>&nbsp;<\/p>\n<p><strong>A principios de mayo se dispuso la ubicaci\u00f3n de Olavarr\u00eda en la fase 3 del sistema provincial<\/strong>, aunque <a href=\"https:\/\/cdnoticias.com\/index.php\/2021\/05\/03\/cuales-son-las-modificaciones-en-la-fase-3-de-provincia\/\" target=\"_blank\" rel=\"noopener\">Ezequiel Galli defini\u00f3 aumentar las restricciones<\/a> en base a lo establecido por la Provincia.<\/p>\n<p>&nbsp;<\/p>\n<p><strong>El 15 de mayo la compresi\u00f3n hab\u00eda bajado, aunque la situaci\u00f3n quedaba lejos de la \u00f3ptima<\/strong>: ese d\u00eda el jefe comunal anunci\u00f3 <a href=\"https:\/\/cdnoticias.com\/index.php\/2021\/05\/15\/el-intendente-anuncio-nuevas-medidas-y-el-regreso-de-varias-actividades\/\" target=\"_blank\" rel=\"noopener\">la \u201cfase 3 normalizada\u201d para la ciudad<\/a>.<\/p>\n<p>&nbsp;<\/p>\n<p><strong>A fin de ese mes, el presidente Alberto Fern\u00e1ndez estableci\u00f3 el \u201cconfinamiento\u201d para todo el pa\u00eds<\/strong> ante el aumento de contagios y de las internaciones. <a href=\"https:\/\/cdnoticias.com\/index.php\/2021\/05\/22\/galli-explico-como-sera-el-confinamiento-en-olavarria-por-estos-nueve-dias\/\" target=\"_blank\" rel=\"noopener\">El 22 de mayo Galli confirm\u00f3 la adhesi\u00f3n local<\/a> y se mostr\u00f3 dispuesto a asumir el impacto econ\u00f3mico de las medidas.<\/p>\n<p>&nbsp;<\/p>\n<p><a href=\"https:\/\/cdnoticias.com\/index.php\/2021\/06\/08\/galli-explico-los-alcances-de-la-fase-4-mas-restrictiva\/\" target=\"_blank\" rel=\"noopener\">La \u00faltima conferencia fue el 8 de junio<\/a>: <strong>ese d\u00eda Olavarr\u00eda logr\u00f3 salir del pico de la segunda ola y se anunci\u00f3 el pase a la fase 4<\/strong> <a href=\"https:\/\/cdnoticias.com\/index.php\/2021\/06\/29\/olavarria-sigue-en-fase-4-y-comparte-ubicacion-con-otros-cinco-distritos\/\" target=\"_blank\" rel=\"noopener\">a donde actualmente permanece el distrito<\/a>.<\/p>\n<p>&nbsp;<\/p>\n<p><iframe class=\"flourish-embed-iframe\" style=\"width: 100%; height: 600px;\" title=\"Interactive or visual content\" src=\"https:\/\/flo.uri.sh\/visualisation\/6598374\/embed\" frameborder=\"0\" scrolling=\"no\" sandbox=\"allow-same-origin allow-forms allow-scripts allow-downloads allow-popups allow-popups-to-escape-sandbox allow-top-navigation-by-user-activation\"><\/iframe><\/p>\n<div style=\"width: 100%!; margin-top: 4px!important; text-align: right!important;\"><a class=\"flourish-credit\" style=\"text-decoration: none!important;\" href=\"https:\/\/public.flourish.studio\/visualisation\/6598374\/?utm_source=embed&amp;utm_campaign=visualisation\/6598374\" target=\"_top\"><img decoding=\"async\" style=\"width: 105px!important; height: 16px!important; border: none!important; margin: 0!important;\" src=\"https:\/\/public.flourish.studio\/resources\/made_with_flourish.svg\" alt=\"Made with Flourish\" \/> <\/a><\/div>\n<p><strong>Tendencia semanal hacia arriba<\/strong><\/p>\n<p>&nbsp;<\/p>\n<p><strong>Entre el lunes y el jueves de la semana epidemiol\u00f3gica 26<\/strong> (que empez\u00f3 el domingo 27) <strong>suman 234 nuevos casos detectados<\/strong>.<\/p>\n<p>&nbsp;<\/p>\n<blockquote><p>Es la cifra m\u00e1s alta en la comparaci\u00f3n del mismo lapso con las semanas anteriores.<\/p><\/blockquote>\n<p>&nbsp;<\/p>\n<p><strong>Entre los mismos d\u00edas de la semana 25 (del 20 al 26 de junio) se registraron 213 nuevos casos<\/strong>; en la semana 24 (del 13 al 19 de junio) hab\u00edan confirmado 204 positivos; en la semana 23 (del 6 al 12 de junio) se detectaron 237 nuevos casos.<\/p>\n<p>&nbsp;<\/p>\n<p>De hecho, <strong>el cierre de la semana 25 ya mostr\u00f3 7% m\u00e1s de nuevos casos detectados<\/strong> que la semana anterior (320 casos contra 298).<\/p>\n<p>&nbsp;<\/p>\n<p>En el \u00e1mbito bonaerense, se inform\u00f3 al cierre de la semana pasada que sigui\u00f3 la baja de casos por quinta semana consecutiva aunque<a href=\"https:\/\/cdnoticias.com\/index.php\/2021\/06\/28\/provincia-los-casos-de-covid-siguen-en-baja-pero-hay-una-senal-de-alerta\/\" target=\"_blank\" rel=\"noopener\"> se advirti\u00f3 por el cambio de tendencia<\/a>. <strong>\u201cSe\u00f1al de alerta: desde el mi\u00e9rcoles pasado vienen aumentando los casos respecto al mismo d\u00eda de la semana anterior\u201d<\/strong> expres\u00f3 el jefe de Gabinete, Carlos Bianco.<\/p>\n","protected":false},"excerpt":{"rendered":"<p>En junio se cumpli\u00f3 el primer a\u00f1o del impacto real del coronavirus en el distrito. El sexto mes de 2021<\/p>\n","protected":false},"author":4,"featured_media":25497,"comment_status":"closed","ping_status":"closed","sticky":false,"template":"","format":"standard","meta":{"_jetpack_memberships_contains_paid_content":false,"footnotes":""},"categories":[16,1],"tags":[],"class_list":["post-25495","post","type-post","status-publish","format-standard","has-post-thumbnail","hentry","category-covid-19","category-portada"],"jetpack_featured_media_url":"https:\/\/i0.wp.com\/cdnoticias.com\/wp-content\/uploads\/2021\/07\/total-de-casos-covid.jpg?fit=1360%2C768&ssl=1","jetpack_sharing_enabled":true,"_links":{"self":[{"href":"https:\/\/cdnoticias.com\/index.php\/wp-json\/wp\/v2\/posts\/25495","targetHints":{"allow":["GET"]}}],"collection":[{"href":"https:\/\/cdnoticias.com\/index.php\/wp-json\/wp\/v2\/posts"}],"about":[{"href":"https:\/\/cdnoticias.com\/index.php\/wp-json\/wp\/v2\/types\/post"}],"author":[{"embeddable":true,"href":"https:\/\/cdnoticias.com\/index.php\/wp-json\/wp\/v2\/users\/4"}],"replies":[{"embeddable":true,"href":"https:\/\/cdnoticias.com\/index.php\/wp-json\/wp\/v2\/comments?post=25495"}],"version-history":[{"count":0,"href":"https:\/\/cdnoticias.com\/index.php\/wp-json\/wp\/v2\/posts\/25495\/revisions"}],"wp:featuredmedia":[{"embeddable":true,"href":"https:\/\/cdnoticias.com\/index.php\/wp-json\/wp\/v2\/media\/25497"}],"wp:attachment":[{"href":"https:\/\/cdnoticias.com\/index.php\/wp-json\/wp\/v2\/media?parent=25495"}],"wp:term":[{"taxonomy":"category","embeddable":true,"href":"https:\/\/cdnoticias.com\/index.php\/wp-json\/wp\/v2\/categories?post=25495"},{"taxonomy":"post_tag","embeddable":true,"href":"https:\/\/cdnoticias.com\/index.php\/wp-json\/wp\/v2\/tags?post=25495"}],"curies":[{"name":"wp","href":"https:\/\/api.w.org\/{rel}","templated":true}]}}