{"id":25487,"date":"2021-07-01T20:52:28","date_gmt":"2021-07-01T23:52:28","guid":{"rendered":"http:\/\/www.centraldenoticias.com.ar\/?p=25487"},"modified":"2021-07-01T20:52:28","modified_gmt":"2021-07-01T23:52:28","slug":"la-variante-andina-del-coronavirus-se-detecto-en-la-madrid","status":"publish","type":"post","link":"https:\/\/cdnoticias.com\/index.php\/2021\/07\/01\/la-variante-andina-del-coronavirus-se-detecto-en-la-madrid\/","title":{"rendered":"La variante Andina del coronavirus se detect\u00f3 en La Madrid"},"content":{"rendered":"<p>El informe del Instituto Malbr\u00e1n mostr\u00f3 el resultado en dos muestras, de las cuatro que se hab\u00edan enviado para estudio. \u201cEs otra mutaci\u00f3n que tiene mayor transmisibilidad\u201d se inform\u00f3.<!--more--><\/p>\n<hr \/>\n<p><strong>Las autoridades sanitarias de General La Madrid recibieron en las \u00faltimas horas los resultados de dos de los cuatro hisopados que se hab\u00edan enviado d\u00edas atr\u00e1s al Instituto Malbr\u00e1n<\/strong> para la investigaci\u00f3n gen\u00e9tica del virus.<\/p>\n<p>&nbsp;<\/p>\n<p>En ese marco, se dio a conocer que <strong>se detect\u00f3 la presencia de una nueva variante de Covid en el distrito<\/strong>.<\/p>\n<p>&nbsp;<\/p>\n<blockquote><p>\u201cSe trata de la denominada Andina\u201d indic\u00f3 el responsable de la Secretar\u00eda de Salud local, Eduardo Bard\u00edn, a Estilo Noticias del municipio vecino.<\/p><\/blockquote>\n<p>&nbsp;<\/p>\n<p>En La Madrid <a href=\"https:\/\/cdnoticias.com\/index.php\/2021\/05\/12\/segunda-ola-detectaron-la-variante-britanica-en-una-paciente-de-la-madrid\/\" target=\"_blank\" rel=\"noopener\">ya se hab\u00eda identificado la \u201ccepa brit\u00e1nica\u201d<\/a>\u00a0en mayo y ahora se detect\u00f3 una nueva variante, en al menos dos pacientes.<\/p>\n<p>&nbsp;<\/p>\n<p><strong>\u201cEs otra mutaci\u00f3n que tiene mayor transmisibilidad\u201d<\/strong>, describieron los profesionales consultados. Su nombre cient\u00edfico es C.37, pero se la llama \u201cvariante andina\u201d y ya fue detectada en Argentina, Per\u00fa, Colombia, Ecuador, Chile, Estados Unidos y Brasil, entre otros pa\u00edses de la regi\u00f3n.<\/p>\n","protected":false},"excerpt":{"rendered":"<p>El informe del Instituto Malbr\u00e1n mostr\u00f3 el resultado en dos muestras, de las cuatro que se hab\u00edan enviado para estudio.<\/p>\n","protected":false},"author":4,"featured_media":9065,"comment_status":"closed","ping_status":"closed","sticky":false,"template":"","format":"standard","meta":{"_jetpack_memberships_contains_paid_content":false,"footnotes":""},"categories":[6,1],"tags":[],"class_list":["post-25487","post","type-post","status-publish","format-standard","has-post-thumbnail","hentry","category-nacionales","category-portada"],"jetpack_featured_media_url":"https:\/\/i0.wp.com\/cdnoticias.com\/wp-content\/uploads\/2020\/12\/la-madrid.jpg?fit=637%2C354&ssl=1","jetpack_sharing_enabled":true,"_links":{"self":[{"href":"https:\/\/cdnoticias.com\/index.php\/wp-json\/wp\/v2\/posts\/25487","targetHints":{"allow":["GET"]}}],"collection":[{"href":"https:\/\/cdnoticias.com\/index.php\/wp-json\/wp\/v2\/posts"}],"about":[{"href":"https:\/\/cdnoticias.com\/index.php\/wp-json\/wp\/v2\/types\/post"}],"author":[{"embeddable":true,"href":"https:\/\/cdnoticias.com\/index.php\/wp-json\/wp\/v2\/users\/4"}],"replies":[{"embeddable":true,"href":"https:\/\/cdnoticias.com\/index.php\/wp-json\/wp\/v2\/comments?post=25487"}],"version-history":[{"count":0,"href":"https:\/\/cdnoticias.com\/index.php\/wp-json\/wp\/v2\/posts\/25487\/revisions"}],"wp:featuredmedia":[{"embeddable":true,"href":"https:\/\/cdnoticias.com\/index.php\/wp-json\/wp\/v2\/media\/9065"}],"wp:attachment":[{"href":"https:\/\/cdnoticias.com\/index.php\/wp-json\/wp\/v2\/media?parent=25487"}],"wp:term":[{"taxonomy":"category","embeddable":true,"href":"https:\/\/cdnoticias.com\/index.php\/wp-json\/wp\/v2\/categories?post=25487"},{"taxonomy":"post_tag","embeddable":true,"href":"https:\/\/cdnoticias.com\/index.php\/wp-json\/wp\/v2\/tags?post=25487"}],"curies":[{"name":"wp","href":"https:\/\/api.w.org\/{rel}","templated":true}]}}