{"id":25481,"date":"2021-07-01T19:24:13","date_gmt":"2021-07-01T22:24:13","guid":{"rendered":"http:\/\/www.centraldenoticias.com.ar\/?p=25481"},"modified":"2021-07-01T19:24:13","modified_gmt":"2021-07-01T22:24:13","slug":"olavarria-un-plan-de-viviendas-al-que-no-acceden-los-sin-techo","status":"publish","type":"post","link":"https:\/\/cdnoticias.com\/index.php\/2021\/07\/01\/olavarria-un-plan-de-viviendas-al-que-no-acceden-los-sin-techo\/","title":{"rendered":"Olavarr\u00eda: un plan de viviendas al que no acceden los sin techo"},"content":{"rendered":"<p>De esa manera se titula un art\u00edculo que referentes locales del Partido Obrero publicaron en el portal nacional Prensa Obrera.<!--more--><\/p>\n<hr \/>\n<p>En la jornada de este jueves en el portal web de Prensa Obrera, el diario digital del Partido Obrero que tiene inclusive su tirada semanal en papel, se public\u00f3 un art\u00edculo redactado por <strong>referentes locales de ese espacio, quienes dieron su opini\u00f3n acerca de la situaci\u00f3n habitacional de Olavarr\u00eda, con el foco tanto en el reciente Plan TuVi lanzando desde el Municipio, como el conflicto con la toma de tierras que durante semanas sucedi\u00f3 en un predio del barrio Lourdes<\/strong>.<\/p>\n<p>&nbsp;<\/p>\n<p>La nota cuenta con la firma de Yessica Almeida y Nicol\u00e1s Adorno, y la compartimos completa a continuaci\u00f3n:<\/p>\n<p>&nbsp;<\/p>\n<p>El pasado fin de semana el intendente de Olavarr\u00eda, Ezequiel Galli (Pro-Cambiemos), anunci\u00f3 el lanzamiento del plan \u201cTuVi\u201d: plan de viviendas municipales por el cual se construir\u00edan unas 20 viviendas en una primera tanda. En una ciudad donde el d\u00e9ficit habitacional ronda las 4 mil familias est\u00e1 claro que la adjudicaci\u00f3n de 20 casas no es m\u00e1s que una gota de agua en el desierto. Sin embargo, lo que despert\u00f3 la indignaci\u00f3n son las condiciones completamente excluyentes para acceder al sue\u00f1o de la casa propia: uno de los requisitos de acceso es \u201cpoder acreditar como grupo familiar ingresos netos de entre 4 y 8 salarios m\u00ednimos vitales y m\u00f3viles\u201d, lo que equivale a decir que una familia debe tener un ingreso mensual de 100 mil pesos para poder aplicar.<\/p>\n<p>&nbsp;<\/p>\n<p>D\u00edas despu\u00e9s de la finalizaci\u00f3n de la toma de terrenos hist\u00f3rica en barrio Lourdes -que moviliz\u00f3 a m\u00e1s de 100 familias sin techo a luchar por una vivienda propia, algo jam\u00e1s visto en Olavarr\u00eda-, mientras se remov\u00edan los escombros y carpas en los terrenos en disputa, Galli anunciaba este plan afirmando que \u201cganar $100 mil es razonable y un sector puede pagarlo\u201d, donde adem\u00e1s se debe poseer un ahorro de \u201cal menos 1 mill\u00f3n de pesos para ingresar en la licitaci\u00f3n\u201d (verte.tv 28\/06). Se trata de una pol\u00edtica divorciada por completo de la realidad en la que se vive y contraria al derecho a la vivienda digna, necesidad agravada por las bajas temperaturas y por la pandemia que contin\u00faa en una meseta de 60 contagios diarios y sigue cobr\u00e1ndose vidas en la ciudad.<\/p>\n<p>&nbsp;<\/p>\n<p>Est\u00e1 claro que este intento de cumplir con alguna de sus promesas de campa\u00f1a en un a\u00f1o electoral es una pol\u00edtica que margina a los\/las m\u00e1s necesitados\/as. Se invierte la finalidad social y pasa a ser una pol\u00edtica a la que solo pueden acceder un grupo reducido de personas, mientras se fortalecer el negocio de la especulaci\u00f3n inmobiliaria.<\/p>\n<p>&nbsp;<\/p>\n<p>Desde el Frente de Todos, Guillermo Santill\u00e1n (concejal, presidente del interbloque FdT) se sum\u00f3 a las cr\u00edticas contra el plan \u201cTuVi\u201d. Sin embargo, desde los nacionales y populares no han dado ninguna respuesta al problema del d\u00e9ficit habitacional. Podr\u00edamos recordarles que los requisitos para acceder al criticado plan del Pro son equivalentes a los exigidos por el Procrear e igual de excluyentes para el pueblo trabajador que no alcanza la canasta b\u00e1sica de pobreza. Lo que s\u00ed hicieron efectivamente fue reprimir toda organizaci\u00f3n de lucha por la tierra (Guernica) o pactar entre provincia y municipio para promover el desalojo de la toma del Barrio Lourdes, sin darles ninguna soluci\u00f3n real a los vecinos.<\/p>\n<p>&nbsp;<\/p>\n<p>No solamente ning\u00fan concejal opositor se acerc\u00f3 a los\/as vecinos\/as de la toma durante los dos meses y medio que se sostuvo, sino que Sergio Berni puso a disposici\u00f3n las fuerzas represivas de la Bonaerense para ejecutar el desalojo, como ya lo ha hecho en decenas de tomas en el resto de la provincia. El ministro de Seguridad de Kicillof usa el mismo slogan que el intendente Galli para denunciar penalmente la ocupaci\u00f3n de terreno: \u201cDentro de la ley todo, fuera de la ley nada\u201d, siempre haciendo una aplicaci\u00f3n del derecho en funci\u00f3n de defender el inter\u00e9s social de la clase capitalista.<\/p>\n<p>&nbsp;<\/p>\n<p>A contramano de las necesidades electorales del peronismo y el macrismo, la demanda habitacional de las familias trabajadoras no se resuelve con migajas de los presupuestos de ajuste que se votan mutuamente en el HCD o en el Congreso. Desde el Partido Obrero en el FIT-U impulsamos la inmediata urbanizaci\u00f3n y entrega en cuotas fijas y a tasa cero de los terrenos municipales reclamados por los vecinos del Barrio Lourdes. Proponemos la creaci\u00f3n de un verdadero Banco de Tierras fiscales y ociosas bajo control de las organizaciones vecinales y de trabajadores. Desde la Asamblea por la Vivienda, que se organiz\u00f3 un a\u00f1o atr\u00e1s, propusimos la creaci\u00f3n de tasas contra la especulaci\u00f3n inmobiliaria y el aumento del \u201cimpuesto a la piedra\u201d a las cementeras y canteras para financiar, junto con fondos provinciales y nacionales, un plan de 500 viviendas sociales para Olavarr\u00eda y sus localidades. Este Plan de viviendas \u00fanicas para las familias trabajadoras debe ser financiado sobre la base de suspender el pago de la deuda externa usuraria y fraudulenta.<\/p>\n<p>&nbsp;<\/p>\n<p><a href=\"https:\/\/prensaobrera.com\/politicas\/olavarria-un-plan-de-viviendas-al-que-no-acceden-los-sin-techo\/\" target=\"_blank\" rel=\"noopener\"><em>Fuente Prensa Obrera<\/em><\/a><\/p>\n<p>&nbsp;<\/p>\n<p>&nbsp;<\/p>\n","protected":false},"excerpt":{"rendered":"<p>De esa manera se titula un art\u00edculo que referentes locales del Partido Obrero publicaron en el portal nacional Prensa Obrera.<\/p>\n","protected":false},"author":3,"featured_media":18154,"comment_status":"closed","ping_status":"closed","sticky":false,"template":"","format":"standard","meta":{"_jetpack_memberships_contains_paid_content":false,"footnotes":""},"categories":[4,1],"tags":[],"class_list":["post-25481","post","type-post","status-publish","format-standard","has-post-thumbnail","hentry","category-politica","category-portada"],"jetpack_featured_media_url":"https:\/\/i0.wp.com\/cdnoticias.com\/wp-content\/uploads\/2021\/04\/toma10.jpg?fit=800%2C445&ssl=1","jetpack_sharing_enabled":true,"_links":{"self":[{"href":"https:\/\/cdnoticias.com\/index.php\/wp-json\/wp\/v2\/posts\/25481","targetHints":{"allow":["GET"]}}],"collection":[{"href":"https:\/\/cdnoticias.com\/index.php\/wp-json\/wp\/v2\/posts"}],"about":[{"href":"https:\/\/cdnoticias.com\/index.php\/wp-json\/wp\/v2\/types\/post"}],"author":[{"embeddable":true,"href":"https:\/\/cdnoticias.com\/index.php\/wp-json\/wp\/v2\/users\/3"}],"replies":[{"embeddable":true,"href":"https:\/\/cdnoticias.com\/index.php\/wp-json\/wp\/v2\/comments?post=25481"}],"version-history":[{"count":0,"href":"https:\/\/cdnoticias.com\/index.php\/wp-json\/wp\/v2\/posts\/25481\/revisions"}],"wp:featuredmedia":[{"embeddable":true,"href":"https:\/\/cdnoticias.com\/index.php\/wp-json\/wp\/v2\/media\/18154"}],"wp:attachment":[{"href":"https:\/\/cdnoticias.com\/index.php\/wp-json\/wp\/v2\/media?parent=25481"}],"wp:term":[{"taxonomy":"category","embeddable":true,"href":"https:\/\/cdnoticias.com\/index.php\/wp-json\/wp\/v2\/categories?post=25481"},{"taxonomy":"post_tag","embeddable":true,"href":"https:\/\/cdnoticias.com\/index.php\/wp-json\/wp\/v2\/tags?post=25481"}],"curies":[{"name":"wp","href":"https:\/\/api.w.org\/{rel}","templated":true}]}}