{"id":2548,"date":"2020-09-26T19:47:35","date_gmt":"2020-09-26T22:47:35","guid":{"rendered":"http:\/\/www.centraldenoticias.com.ar\/?p=2548"},"modified":"2020-09-27T11:19:50","modified_gmt":"2020-09-27T14:19:50","slug":"fallecio-una-mujer-y-son-29-las-muertes-de-personas-con-covid19-en-olavarria","status":"publish","type":"post","link":"https:\/\/cdnoticias.com\/index.php\/2020\/09\/26\/fallecio-una-mujer-y-son-29-las-muertes-de-personas-con-covid19-en-olavarria\/","title":{"rendered":"Falleci\u00f3 una mujer y son 29 las muertes de personas con covid19 en Olavarr\u00eda"},"content":{"rendered":"<p>La paciente ten\u00eda 87 a\u00f1os y hab\u00eda ingresado al Hospital Municipal Doctor H\u00e9ctor Cura en las \u00faltimas horas.<\/p>\n<hr \/>\n<p>&nbsp;<\/p>\n<p>Sobre el cierre de la tarde de este s\u00e1bado desde el municipio local se detall\u00f3 que <strong>en las \u00faltimas horas se produjo la muerte de una paciente de 87 a\u00f1os que hab\u00eda dado positivo de coronavirus.<\/strong><\/p>\n<p>&nbsp;<\/p>\n<blockquote><p><a href=\"https:\/\/cdnoticias.com\/index.php\/2020\/09\/26\/coronavirus-murio-un-paciente-de-83-anos-y-se-registraron-12-nuevos-casos\/\">Tambi\u00e9n en la jornada de este s\u00e1bado se hab\u00eda comunicado la muerte de un hombre de 83 a\u00f1os<\/a><\/p><\/blockquote>\n<p>&nbsp;<\/p>\n<p>Seg\u00fan se a\u00f1adi\u00f3, la paciente presentaba comorbilidades y <strong>hab\u00eda ingresado en la guardia del centro asistencial local en la jornada del \u00faltimo viernes.<\/strong><\/p>\n<p>&nbsp;<\/p>\n<p><strong>Actualmente, son siete las personas internadas en UTI (una de ellas es de la localidad de Laprida) y 21 en cl\u00ednica Covid del Hospital Municipal \u201cDr. H\u00e9ctor Cura\u201d<\/strong>. Se detall\u00f3, por \u00faltimo, que el intendente Ezequiel Galli y la Municipalidad de Olavarr\u00eda env\u00edan condolencias a los familiares y amigos de la mujer fallecida.<\/p>\n<p>&nbsp;<\/p>\n<p>&nbsp;<\/p>\n<p>&nbsp;<\/p>\n","protected":false},"excerpt":{"rendered":"<p>La paciente ten\u00eda 87 a\u00f1os y hab\u00eda ingresado al Hospital Municipal Doctor H\u00e9ctor Cura en las \u00faltimas horas. &nbsp; Sobre<\/p>\n","protected":false},"author":3,"featured_media":1503,"comment_status":"closed","ping_status":"closed","sticky":false,"template":"","format":"standard","meta":{"_jetpack_memberships_contains_paid_content":false,"footnotes":""},"categories":[5,1],"tags":[],"class_list":["post-2548","post","type-post","status-publish","format-standard","has-post-thumbnail","hentry","category-informacion-general","category-portada"],"jetpack_featured_media_url":"https:\/\/i0.wp.com\/cdnoticias.com\/wp-content\/uploads\/2020\/09\/Salud-Guardia-Hospital-1.jpg?fit=987%2C740&ssl=1","jetpack_sharing_enabled":true,"_links":{"self":[{"href":"https:\/\/cdnoticias.com\/index.php\/wp-json\/wp\/v2\/posts\/2548","targetHints":{"allow":["GET"]}}],"collection":[{"href":"https:\/\/cdnoticias.com\/index.php\/wp-json\/wp\/v2\/posts"}],"about":[{"href":"https:\/\/cdnoticias.com\/index.php\/wp-json\/wp\/v2\/types\/post"}],"author":[{"embeddable":true,"href":"https:\/\/cdnoticias.com\/index.php\/wp-json\/wp\/v2\/users\/3"}],"replies":[{"embeddable":true,"href":"https:\/\/cdnoticias.com\/index.php\/wp-json\/wp\/v2\/comments?post=2548"}],"version-history":[{"count":0,"href":"https:\/\/cdnoticias.com\/index.php\/wp-json\/wp\/v2\/posts\/2548\/revisions"}],"wp:featuredmedia":[{"embeddable":true,"href":"https:\/\/cdnoticias.com\/index.php\/wp-json\/wp\/v2\/media\/1503"}],"wp:attachment":[{"href":"https:\/\/cdnoticias.com\/index.php\/wp-json\/wp\/v2\/media?parent=2548"}],"wp:term":[{"taxonomy":"category","embeddable":true,"href":"https:\/\/cdnoticias.com\/index.php\/wp-json\/wp\/v2\/categories?post=2548"},{"taxonomy":"post_tag","embeddable":true,"href":"https:\/\/cdnoticias.com\/index.php\/wp-json\/wp\/v2\/tags?post=2548"}],"curies":[{"name":"wp","href":"https:\/\/api.w.org\/{rel}","templated":true}]}}