{"id":2543,"date":"2020-09-26T18:34:15","date_gmt":"2020-09-26T21:34:15","guid":{"rendered":"http:\/\/www.centraldenoticias.com.ar\/?p=2543"},"modified":"2020-09-26T19:50:25","modified_gmt":"2020-09-26T22:50:25","slug":"coronavirus-murio-un-paciente-de-83-anos-y-se-registraron-12-nuevos-casos","status":"publish","type":"post","link":"https:\/\/cdnoticias.com\/index.php\/2020\/09\/26\/coronavirus-murio-un-paciente-de-83-anos-y-se-registraron-12-nuevos-casos\/","title":{"rendered":"Coronavirus: Muri\u00f3 un paciente de 83 a\u00f1os y se registraron 12 nuevos casos"},"content":{"rendered":"<p>Ese es el saldo del parte emitido en las \u00faltimas horas desde el municipio de Olavarr\u00eda. El n\u00famero de pacientes activos es de 237.<\/p>\n<hr \/>\n<p>&nbsp;<\/p>\n<p>En las \u00faltimas horas se produjo la muerte de un hombre de 83 a\u00f1os que se encontraba internado en el Hospital Municipal y que hab\u00eda dado positivo de coronavirus. <strong>El n\u00famero de v\u00edctimas desde el inicio de la pandemia es 28.<\/strong><\/p>\n<p>&nbsp;<\/p>\n<p>De acuerdo con lo que se a\u00f1adi\u00f3 desde el Ejecutivo local, <strong>el hombre estaba internado en el Hospital Municipal \u201cDr. H\u00e9ctor Cura\u201d desde la semana pasada y presentaba varias comorbilidades previas.<\/strong><\/p>\n<blockquote><p>&nbsp;<\/p>\n<p>En la jornada de este s\u00e1bado se realizaron 28 testeos y m\u00e1s de cuatro mil doscientos desde el comienzo de la pandemia.<\/p><\/blockquote>\n<p>&nbsp;<\/p>\n<p>Adem\u00e1s, se inform\u00f3 que en el d\u00eda de la fecha se registraron 12 nuevos casos de Covid-19, hubo 22 pacientes que recibieron el alta m\u00e9dica y se descartaron 16. <strong>El total de pacientes activos es de 237 y el total de curados es de 879.<\/strong><\/p>\n<p>&nbsp;<\/p>\n<p>La Secretar\u00eda de Salud del Gobierno Municipal indic\u00f3 que los casos de este s\u00e1bado 26 de septiembre corresponden a personal de seguridad, de salud, del Poder Judicial, a contactos con positivos anteriores y se estudia el nexo epidemiol\u00f3gico del 20% de los casos de hoy. <strong>No hubo en el d\u00eda de la fecha casos positivos en residencias para Adultos Mayores.<\/strong><\/p>\n<p>&nbsp;<\/p>\n<p><img data-recalc-dims=\"1\" loading=\"lazy\" decoding=\"async\" class=\"alignnone size-large wp-image-2544\" src=\"https:\/\/i0.wp.com\/cdnoticias.com\/wp-content\/uploads\/2020\/09\/parte-11.jpg?resize=800%2C395&#038;ssl=1\" alt=\"\" width=\"800\" height=\"395\" srcset=\"https:\/\/i0.wp.com\/cdnoticias.com\/wp-content\/uploads\/2020\/09\/parte-11.jpg?resize=1024%2C505&amp;ssl=1 1024w, https:\/\/i0.wp.com\/cdnoticias.com\/wp-content\/uploads\/2020\/09\/parte-11.jpg?resize=300%2C148&amp;ssl=1 300w, https:\/\/i0.wp.com\/cdnoticias.com\/wp-content\/uploads\/2020\/09\/parte-11.jpg?resize=768%2C379&amp;ssl=1 768w, https:\/\/i0.wp.com\/cdnoticias.com\/wp-content\/uploads\/2020\/09\/parte-11.jpg?w=1118&amp;ssl=1 1118w\" sizes=\"auto, (max-width: 800px) 100vw, 800px\" \/><\/p>\n<p>&nbsp;<\/p>\n<p>Sobre el estado actual del Hospital, se indic\u00f3 que <strong>hay siete pacientes en Unidad de Terapia Intensiva (uno de ellos es de la ciudad de Laprida), diecinueve en Cuidados Generales (dos de ellos son residentes del Hogar de Adultos Mayores) y dos en el sector de Pediatr\u00eda.<\/strong><\/p>\n<p>&nbsp;<\/p>\n<p>En este sentido, desde la Secretar\u00eda de Salud Municipal aseguraron que<strong> el 88% de los casos positivos corresponden a personas con menos de 60 a\u00f1os y el 12% a mayores de 60 a\u00f1os.<\/strong><\/p>\n","protected":false},"excerpt":{"rendered":"<p>Ese es el saldo del parte emitido en las \u00faltimas horas desde el municipio de Olavarr\u00eda. El n\u00famero de pacientes<\/p>\n","protected":false},"author":3,"featured_media":509,"comment_status":"closed","ping_status":"closed","sticky":false,"template":"","format":"standard","meta":{"_jetpack_memberships_contains_paid_content":false,"footnotes":""},"categories":[5,1],"tags":[],"class_list":["post-2543","post","type-post","status-publish","format-standard","has-post-thumbnail","hentry","category-informacion-general","category-portada"],"jetpack_featured_media_url":"https:\/\/i0.wp.com\/cdnoticias.com\/wp-content\/uploads\/2020\/09\/HospitalMunicipal.jpg?fit=4608%2C3072&ssl=1","jetpack_sharing_enabled":true,"_links":{"self":[{"href":"https:\/\/cdnoticias.com\/index.php\/wp-json\/wp\/v2\/posts\/2543","targetHints":{"allow":["GET"]}}],"collection":[{"href":"https:\/\/cdnoticias.com\/index.php\/wp-json\/wp\/v2\/posts"}],"about":[{"href":"https:\/\/cdnoticias.com\/index.php\/wp-json\/wp\/v2\/types\/post"}],"author":[{"embeddable":true,"href":"https:\/\/cdnoticias.com\/index.php\/wp-json\/wp\/v2\/users\/3"}],"replies":[{"embeddable":true,"href":"https:\/\/cdnoticias.com\/index.php\/wp-json\/wp\/v2\/comments?post=2543"}],"version-history":[{"count":0,"href":"https:\/\/cdnoticias.com\/index.php\/wp-json\/wp\/v2\/posts\/2543\/revisions"}],"wp:featuredmedia":[{"embeddable":true,"href":"https:\/\/cdnoticias.com\/index.php\/wp-json\/wp\/v2\/media\/509"}],"wp:attachment":[{"href":"https:\/\/cdnoticias.com\/index.php\/wp-json\/wp\/v2\/media?parent=2543"}],"wp:term":[{"taxonomy":"category","embeddable":true,"href":"https:\/\/cdnoticias.com\/index.php\/wp-json\/wp\/v2\/categories?post=2543"},{"taxonomy":"post_tag","embeddable":true,"href":"https:\/\/cdnoticias.com\/index.php\/wp-json\/wp\/v2\/tags?post=2543"}],"curies":[{"name":"wp","href":"https:\/\/api.w.org\/{rel}","templated":true}]}}