{"id":25428,"date":"2021-07-01T12:02:33","date_gmt":"2021-07-01T15:02:33","guid":{"rendered":"http:\/\/www.centraldenoticias.com.ar\/?p=25428"},"modified":"2021-07-01T13:50:25","modified_gmt":"2021-07-01T16:50:25","slug":"con-una-inversion-de-7-millones-de-pesos-se-renovara-el-paseo-de-la-salud","status":"publish","type":"post","link":"https:\/\/cdnoticias.com\/index.php\/2021\/07\/01\/con-una-inversion-de-7-millones-de-pesos-se-renovara-el-paseo-de-la-salud\/","title":{"rendered":"Con una inversi\u00f3n de 7 millones de pesos se renovar\u00e1 el Paseo de la Salud"},"content":{"rendered":"<p>En la ma\u00f1ana de este jueves se realiz\u00f3 la apertura de la licitaci\u00f3n para llevar adelante las obras de infraestructura para la renovaci\u00f3n del Paseo de la Salud, ubicado en la esquina de avenida Brown y Belgrano.<\/p>\n<p><!--more--><\/p>\n<hr \/>\n<p>El <strong>Paseo de la Salud<\/strong> fue inaugurado el d\u00eda <strong>10 de mayo de 2017<\/strong> durante la gesti\u00f3n del intendente <strong>Ezequiel Galli<\/strong>, con dos objetivos claves como: la promoci\u00f3n de h\u00e1bitos saludables y la prevenci\u00f3n de enfermedades no transmisibles.<\/p>\n<p>&nbsp;<\/p>\n<p>Surgi\u00f3 por iniciativa de la <strong>Secretar\u00eda de Salud P\u00fablica<\/strong> y ha trabajado de manera multidisciplinaria y articulada con diferentes \u00e1reas como <strong>Bromatolog\u00eda, Deportes, Turismo, Cultura<\/strong>, en diferentes actividades, propuestas y campa\u00f1as de concientizaci\u00f3n, de gran impacto en la comunidad \u00edndico la Municipalidad.<\/p>\n<p>&nbsp;<\/p>\n<p><img data-recalc-dims=\"1\" loading=\"lazy\" decoding=\"async\" class=\"aligncenter wp-image-25430 size-large\" src=\"https:\/\/i0.wp.com\/cdnoticias.com\/wp-content\/uploads\/2021\/07\/Obras-Paseo-de-la-Salud-1.jpg?resize=800%2C450&#038;ssl=1\" alt=\"\" width=\"800\" height=\"450\" srcset=\"https:\/\/i0.wp.com\/cdnoticias.com\/wp-content\/uploads\/2021\/07\/Obras-Paseo-de-la-Salud-1.jpg?resize=1024%2C576&amp;ssl=1 1024w, https:\/\/i0.wp.com\/cdnoticias.com\/wp-content\/uploads\/2021\/07\/Obras-Paseo-de-la-Salud-1.jpg?resize=300%2C169&amp;ssl=1 300w, https:\/\/i0.wp.com\/cdnoticias.com\/wp-content\/uploads\/2021\/07\/Obras-Paseo-de-la-Salud-1.jpg?resize=768%2C432&amp;ssl=1 768w, https:\/\/i0.wp.com\/cdnoticias.com\/wp-content\/uploads\/2021\/07\/Obras-Paseo-de-la-Salud-1.jpg?w=1920&amp;ssl=1 1920w, https:\/\/i0.wp.com\/cdnoticias.com\/wp-content\/uploads\/2021\/07\/Obras-Paseo-de-la-Salud-1.jpg?w=1600&amp;ssl=1 1600w\" sizes=\"auto, (max-width: 800px) 100vw, 800px\" \/><\/p>\n<p>&nbsp;<\/p>\n<p>En el <strong>contexto de pandemia<\/strong>, se convirti\u00f3 en una de las <strong>sedes centrales de los testeos de Covid19<\/strong> del Programa RTA, que se encuentra a cargo de personal de la salud.<\/p>\n<p>&nbsp;<\/p>\n<p>Las obras proyectadas por el equipo de Obras P\u00fablicas de la Municipalidad, a cargo del dise\u00f1o original buscan que el lugar sea identificado como un<strong> espacio destinado a la salud<\/strong> y tambi\u00e9n para la realizaci\u00f3n de eventos relacionados a la <strong>actividad f\u00edsica y el bienestar de la poblaci\u00f3n.<\/strong><\/p>\n<p>&nbsp;<\/p>\n<p><strong>Como ser\u00e1 el nuevo paseo<\/strong><\/p>\n<p>&nbsp;<\/p>\n<p>\u201cEl acceso principal ser\u00e1 por la esquina de <strong>Belgrano y avenida Brown<\/strong>, enmarcado por dos canteros elevados que conducir\u00e1n a uno central, tambi\u00e9n elevado con un \u00fanico \u00e1rbol, que simbolizar\u00e1 la vida y el bienestar, para luego llegar al espacio f\u00edsico destinado a controles, que identificar\u00e1 al lugar como Paseo de la Salud\u201d indic\u00f3 la Municipalidad.<\/p>\n<p>&nbsp;<\/p>\n<p><img data-recalc-dims=\"1\" loading=\"lazy\" decoding=\"async\" class=\"aligncenter wp-image-25431 size-large\" src=\"https:\/\/i0.wp.com\/cdnoticias.com\/wp-content\/uploads\/2021\/07\/Obras-Paseo-de-la-Salud-4.jpg?resize=800%2C450&#038;ssl=1\" alt=\"\" width=\"800\" height=\"450\" srcset=\"https:\/\/i0.wp.com\/cdnoticias.com\/wp-content\/uploads\/2021\/07\/Obras-Paseo-de-la-Salud-4.jpg?resize=1024%2C576&amp;ssl=1 1024w, https:\/\/i0.wp.com\/cdnoticias.com\/wp-content\/uploads\/2021\/07\/Obras-Paseo-de-la-Salud-4.jpg?resize=300%2C169&amp;ssl=1 300w, https:\/\/i0.wp.com\/cdnoticias.com\/wp-content\/uploads\/2021\/07\/Obras-Paseo-de-la-Salud-4.jpg?resize=768%2C432&amp;ssl=1 768w, https:\/\/i0.wp.com\/cdnoticias.com\/wp-content\/uploads\/2021\/07\/Obras-Paseo-de-la-Salud-4.jpg?w=1600&amp;ssl=1 1600w, https:\/\/i0.wp.com\/cdnoticias.com\/wp-content\/uploads\/2021\/07\/Obras-Paseo-de-la-Salud-4.jpg?w=2400&amp;ssl=1 2400w\" sizes=\"auto, (max-width: 800px) 100vw, 800px\" \/><\/p>\n<p>&nbsp;<\/p>\n<p>Este<strong> jueves se conocieron las ofertas econ\u00f3micas<\/strong> <strong>de la licitaci\u00f3n p\u00fablica<\/strong> para llevar adelante el proyecto de puesta en valor, con la participaci\u00f3n de funcionarios municipales y representantes de las empresas oferentes. Estuvo presente el secretario de Mantenimiento y Obras P\u00fablicas de Julio Ferraro y la directora de Licitaciones Pilar Ciardelli.<\/p>\n<p>&nbsp;<\/p>\n<p>Las propuestas se detallan a continuaci\u00f3n:<\/p>\n<p>&nbsp;<\/p>\n<p><strong>Proponente N\u00ba 1:<\/strong> ALLD Ingenier\u00eda Olavarr\u00eda S.R.L cotiz\u00f3 la suma de $7.470.000.<\/p>\n<p>&nbsp;<\/p>\n<p><strong>Proponente N\u00ba 2<\/strong>: Jos\u00e9 Carlos Balzi cotiz\u00f3 la suma de $6.920.000.<\/p>\n<p>&nbsp;<\/p>\n<p><strong>Proponente N\u00ba 3:<\/strong> Vigas y Bloques S.R.L cotiz\u00f3 la suma de $7.414.905,20.<\/p>\n<p>&nbsp;<\/p>\n","protected":false},"excerpt":{"rendered":"<p>En la ma\u00f1ana de este jueves se realiz\u00f3 la apertura de la licitaci\u00f3n para llevar adelante las obras de infraestructura<\/p>\n","protected":false},"author":6,"featured_media":25429,"comment_status":"closed","ping_status":"closed","sticky":false,"template":"","format":"standard","meta":{"_jetpack_memberships_contains_paid_content":false,"footnotes":""},"categories":[5,1],"tags":[],"class_list":["post-25428","post","type-post","status-publish","format-standard","has-post-thumbnail","hentry","category-informacion-general","category-portada"],"jetpack_featured_media_url":"https:\/\/i0.wp.com\/cdnoticias.com\/wp-content\/uploads\/2021\/07\/Obras-Paseo-de-la-Salud-6.jpg?fit=2560%2C1440&ssl=1","jetpack_sharing_enabled":true,"_links":{"self":[{"href":"https:\/\/cdnoticias.com\/index.php\/wp-json\/wp\/v2\/posts\/25428","targetHints":{"allow":["GET"]}}],"collection":[{"href":"https:\/\/cdnoticias.com\/index.php\/wp-json\/wp\/v2\/posts"}],"about":[{"href":"https:\/\/cdnoticias.com\/index.php\/wp-json\/wp\/v2\/types\/post"}],"author":[{"embeddable":true,"href":"https:\/\/cdnoticias.com\/index.php\/wp-json\/wp\/v2\/users\/6"}],"replies":[{"embeddable":true,"href":"https:\/\/cdnoticias.com\/index.php\/wp-json\/wp\/v2\/comments?post=25428"}],"version-history":[{"count":0,"href":"https:\/\/cdnoticias.com\/index.php\/wp-json\/wp\/v2\/posts\/25428\/revisions"}],"wp:featuredmedia":[{"embeddable":true,"href":"https:\/\/cdnoticias.com\/index.php\/wp-json\/wp\/v2\/media\/25429"}],"wp:attachment":[{"href":"https:\/\/cdnoticias.com\/index.php\/wp-json\/wp\/v2\/media?parent=25428"}],"wp:term":[{"taxonomy":"category","embeddable":true,"href":"https:\/\/cdnoticias.com\/index.php\/wp-json\/wp\/v2\/categories?post=25428"},{"taxonomy":"post_tag","embeddable":true,"href":"https:\/\/cdnoticias.com\/index.php\/wp-json\/wp\/v2\/tags?post=25428"}],"curies":[{"name":"wp","href":"https:\/\/api.w.org\/{rel}","templated":true}]}}