{"id":25396,"date":"2021-07-01T08:26:20","date_gmt":"2021-07-01T11:26:20","guid":{"rendered":"http:\/\/www.centraldenoticias.com.ar\/?p=25396"},"modified":"2021-07-01T10:40:05","modified_gmt":"2021-07-01T13:40:05","slug":"olavarria-llego-a-las-50-mil-personas-vacunadas-con-al-menos-una-dosis-contra-el-covid","status":"publish","type":"post","link":"https:\/\/cdnoticias.com\/index.php\/2021\/07\/01\/olavarria-llego-a-las-50-mil-personas-vacunadas-con-al-menos-una-dosis-contra-el-covid\/","title":{"rendered":"Olavarr\u00eda lleg\u00f3 a las 50 mil personas vacunadas con al menos una dosis contra el COVID"},"content":{"rendered":"<p>Con los \u00faltimos inoculados de este mi\u00e9rcoles, la Provincia inform\u00f3 que se super\u00f3 la cifra. Adem\u00e1s, llegaron turnos para el rango etario de 18 a 40 a\u00f1os sin comorbilidades.\u00a0<!--more--><\/p>\n<hr \/>\n<p>Con la <a href=\"https:\/\/cdnoticias.com\/index.php\/2021\/06\/30\/continua-el-plan-provincial-de-vacunacion-se-aplicaron-575-primeras-dosis\/\" target=\"_blank\" rel=\"noopener\">cifra de vacunados de este \u00faltimo mi\u00e9rcoles<\/a>, <strong>Olavarr\u00eda lleg\u00f3 a las 50 mil personas vacunadas contra el COVID con al menos una dosis<\/strong>, seg\u00fan datos que se desprenden de la Sala de Situaci\u00f3n de la Provincia de Buenos Aires.<\/p>\n<p>&nbsp;<\/p>\n<blockquote><p>Son 50.027 primeras dosis aplicadas desde el inicio de la vacunaci\u00f3n, mientras que, de ese total, 11.246 olavarrienses completaron el calendario de inoculaci\u00f3n con la aplicaci\u00f3n de las dos dosis<strong>. En total, se aplicaron 61.273 dosis.\u00a0<\/strong><\/p><\/blockquote>\n<p>&nbsp;<\/p>\n<p>Cabe se\u00f1alar que <strong>la cifra de vacunados tuvo una suba en el \u00faltimo mi\u00e9rcoles<\/strong>, complementado adem\u00e1s por<a href=\"https:\/\/cdnoticias.com\/index.php\/2021\/06\/30\/mas-vacunas-llegaron-2500-dosis-de-sinopharm-a-olavarria\/\" target=\"_blank\" rel=\"noopener\"> la llegada de m\u00e1s de 3 mil dosis de Sinopharm repartidas en las postas de vacunaci\u00f3n locales.\u00a0<\/a><\/p>\n<p>&nbsp;<\/p>\n<p><img data-recalc-dims=\"1\" loading=\"lazy\" decoding=\"async\" class=\"alignnone size-large wp-image-25400\" src=\"https:\/\/i0.wp.com\/cdnoticias.com\/wp-content\/uploads\/2021\/07\/covid-dosis.jpg?resize=800%2C233&#038;ssl=1\" alt=\"\" width=\"800\" height=\"233\" srcset=\"https:\/\/i0.wp.com\/cdnoticias.com\/wp-content\/uploads\/2021\/07\/covid-dosis.jpg?resize=1024%2C298&amp;ssl=1 1024w, https:\/\/i0.wp.com\/cdnoticias.com\/wp-content\/uploads\/2021\/07\/covid-dosis.jpg?resize=300%2C87&amp;ssl=1 300w, https:\/\/i0.wp.com\/cdnoticias.com\/wp-content\/uploads\/2021\/07\/covid-dosis.jpg?resize=768%2C223&amp;ssl=1 768w, https:\/\/i0.wp.com\/cdnoticias.com\/wp-content\/uploads\/2021\/07\/covid-dosis.jpg?w=1356&amp;ssl=1 1356w\" sizes=\"auto, (max-width: 800px) 100vw, 800px\" \/><\/p>\n<p>&nbsp;<\/p>\n<p>Mientras tanto, <strong>en la noche del mi\u00e9rcoles la Provincia envi\u00f3 315.231 turnos de primeras dosis y 298.257 turnos para segundas dosis con la particularidad de que son para quienes se aplicaron la vacuna AstraZeneca.<\/strong><\/p>\n<p>&nbsp;<\/p>\n<p><strong>En Olavarr\u00eda, la gran mayor\u00eda de turnos llegaron para la franja etaria de entre 18 y 40 a\u00f1os sin comorbilidades<\/strong>, uno de los \u00faltimos grupos por vacunar. Para ello, deber\u00e1n revisar la aplicaci\u00f3n \u201cVacunatePBA\u201d el mail ingresado al momento de la inscripci\u00f3n o el n\u00famero de Whatsapp.<\/p>\n<p>&nbsp;<\/p>\n<p>En paralelo, todos los interesados en acceder al plan provincial de vacunaci\u00f3n contra el coronavirus, que es p\u00fablico, gratuito y optativo, pueden sacar turno de manera virtual entrando en la p\u00e1gina https:\/\/vacunatepba.gba.gob.ar\/\u00a0 o de forma presencial en ANSES, IOMA, PAMI, Ministerio de trabajo, Centro de Documentaci\u00f3n R\u00e1pida, entre otros.<\/p>\n","protected":false},"excerpt":{"rendered":"<p>Con los \u00faltimos inoculados de este mi\u00e9rcoles, la Provincia inform\u00f3 que se super\u00f3 la cifra. Adem\u00e1s, llegaron turnos para el<\/p>\n","protected":false},"author":2,"featured_media":24912,"comment_status":"closed","ping_status":"closed","sticky":false,"template":"","format":"standard","meta":{"_jetpack_memberships_contains_paid_content":false,"footnotes":""},"categories":[16,1],"tags":[],"class_list":["post-25396","post","type-post","status-publish","format-standard","has-post-thumbnail","hentry","category-covid-19","category-portada"],"jetpack_featured_media_url":"https:\/\/i0.wp.com\/cdnoticias.com\/wp-content\/uploads\/2021\/06\/WhatsApp-Image-2021-06-24-at-19.56.03.jpeg?fit=1280%2C785&ssl=1","jetpack_sharing_enabled":true,"_links":{"self":[{"href":"https:\/\/cdnoticias.com\/index.php\/wp-json\/wp\/v2\/posts\/25396","targetHints":{"allow":["GET"]}}],"collection":[{"href":"https:\/\/cdnoticias.com\/index.php\/wp-json\/wp\/v2\/posts"}],"about":[{"href":"https:\/\/cdnoticias.com\/index.php\/wp-json\/wp\/v2\/types\/post"}],"author":[{"embeddable":true,"href":"https:\/\/cdnoticias.com\/index.php\/wp-json\/wp\/v2\/users\/2"}],"replies":[{"embeddable":true,"href":"https:\/\/cdnoticias.com\/index.php\/wp-json\/wp\/v2\/comments?post=25396"}],"version-history":[{"count":0,"href":"https:\/\/cdnoticias.com\/index.php\/wp-json\/wp\/v2\/posts\/25396\/revisions"}],"wp:featuredmedia":[{"embeddable":true,"href":"https:\/\/cdnoticias.com\/index.php\/wp-json\/wp\/v2\/media\/24912"}],"wp:attachment":[{"href":"https:\/\/cdnoticias.com\/index.php\/wp-json\/wp\/v2\/media?parent=25396"}],"wp:term":[{"taxonomy":"category","embeddable":true,"href":"https:\/\/cdnoticias.com\/index.php\/wp-json\/wp\/v2\/categories?post=25396"},{"taxonomy":"post_tag","embeddable":true,"href":"https:\/\/cdnoticias.com\/index.php\/wp-json\/wp\/v2\/tags?post=25396"}],"curies":[{"name":"wp","href":"https:\/\/api.w.org\/{rel}","templated":true}]}}