{"id":25386,"date":"2021-06-30T20:40:56","date_gmt":"2021-06-30T23:40:56","guid":{"rendered":"http:\/\/www.centraldenoticias.com.ar\/?p=25386"},"modified":"2021-07-01T08:26:39","modified_gmt":"2021-07-01T11:26:39","slug":"ola-de-frio-este-miercoles-se-igualo-el-registro-mas-bajo-del-ano","status":"publish","type":"post","link":"https:\/\/cdnoticias.com\/index.php\/2021\/06\/30\/ola-de-frio-este-miercoles-se-igualo-el-registro-mas-bajo-del-ano\/","title":{"rendered":"Ola de fr\u00edo: Este mi\u00e9rcoles se igual\u00f3 el registro m\u00e1s bajo del a\u00f1o"},"content":{"rendered":"<p>En el cierre de la madrugada el term\u00f3metro marc\u00f3 2.1 grados bajo cero, id\u00e9ntico registro de hace un mes. Junio fue adem\u00e1s el mes m\u00e1s seco de lo que va del 2021.<!--more--><\/p>\n<hr \/>\n<p>La \u201cadvertencia violeta\u201d por bajas temperaturas ya no incluye m\u00e1s a Olavarr\u00eda ni la regi\u00f3n. Sin embargo, este mi\u00e9rcoles se hizo sentir y mucho, al punto que <strong>durante el cierre de la madrugada se igual\u00f3 el registro m\u00e1s fr\u00edo de lo que va del a\u00f1o<\/strong>.<\/p>\n<p>&nbsp;<\/p>\n<p><img data-recalc-dims=\"1\" loading=\"lazy\" decoding=\"async\" class=\"alignnone size-full wp-image-25389\" src=\"https:\/\/i0.wp.com\/cdnoticias.com\/wp-content\/uploads\/2021\/06\/heladas01.jpg?resize=800%2C445&#038;ssl=1\" alt=\"\" width=\"800\" height=\"445\" srcset=\"https:\/\/i0.wp.com\/cdnoticias.com\/wp-content\/uploads\/2021\/06\/heladas01.jpg?w=800&amp;ssl=1 800w, https:\/\/i0.wp.com\/cdnoticias.com\/wp-content\/uploads\/2021\/06\/heladas01.jpg?resize=300%2C167&amp;ssl=1 300w, https:\/\/i0.wp.com\/cdnoticias.com\/wp-content\/uploads\/2021\/06\/heladas01.jpg?resize=768%2C427&amp;ssl=1 768w\" sizes=\"auto, (max-width: 800px) 100vw, 800px\" \/><\/p>\n<p>&nbsp;<\/p>\n<p>Seg\u00fan se narr\u00f3 desde la Estaci\u00f3n Meteorol\u00f3gica a <em><strong>Central de Noticias<\/strong><\/em>, <strong>a las 6.20 el term\u00f3metro marc\u00f3 2.1 grados bajo cero, id\u00e9ntico registro que se dio hace exactamente un mes, en la jornada del pasado 30 de mayo<\/strong>.<\/p>\n<p>&nbsp;<\/p>\n<p><strong>Se precis\u00f3 que hasta el momento se han dado 8 heladas, 5 de las cuales tuvieron lugar en el mes de junio<\/strong>. Inclusive, de acuerdo con lo que se a\u00f1adi\u00f3, se han dado jornadas en los que los valores de sensaciones t\u00e9rmicas fueron a\u00fan m\u00e1s bajo, pero no as\u00ed la temperatura.<\/p>\n<p>&nbsp;<\/p>\n<blockquote><p>Este mi\u00e9rcoles la temperatura trep\u00f3 apenas hasta los 8.6 grados, valor m\u00e1ximo que fue registrado a las 15,30.<\/p><\/blockquote>\n<p>&nbsp;<\/p>\n<p>Con respecto al mes que se va, desde la Estaci\u00f3n Meteorol\u00f3gica local se compartieron otra serie de datos interesantes que merecen su menci\u00f3n. Sin dudas uno de ellos tiene que ver con las precipitaciones, dado que <strong>junio ha sido el mes m\u00e1s seco del 2021. Tal es as\u00ed que el registro de lluvias totales es apenas superior a los 7 mil\u00edmetros.<\/strong><\/p>\n<p>&nbsp;<\/p>\n<p>En lo que al pron\u00f3stico refiere,<strong> para este jueves se aguarda por un aumento en los valores tanto m\u00ednimos como m\u00e1ximo, con un espectro que ir\u00eda desde los 5 grados en la ma\u00f1ana hasta los 12 durante la tarde<\/strong>. En lo que a precipitaciones refiere, no se anticipan lluvias durante los primeros d\u00edas de julio.<\/p>\n","protected":false},"excerpt":{"rendered":"<p>En el cierre de la madrugada el term\u00f3metro marc\u00f3 2.1 grados bajo cero, id\u00e9ntico registro de hace un mes. Junio<\/p>\n","protected":false},"author":3,"featured_media":25387,"comment_status":"closed","ping_status":"closed","sticky":false,"template":"","format":"standard","meta":{"_jetpack_memberships_contains_paid_content":false,"footnotes":""},"categories":[5,1],"tags":[],"class_list":["post-25386","post","type-post","status-publish","format-standard","has-post-thumbnail","hentry","category-informacion-general","category-portada"],"jetpack_featured_media_url":"https:\/\/i0.wp.com\/cdnoticias.com\/wp-content\/uploads\/2021\/06\/helada.jpg?fit=800%2C445&ssl=1","jetpack_sharing_enabled":true,"_links":{"self":[{"href":"https:\/\/cdnoticias.com\/index.php\/wp-json\/wp\/v2\/posts\/25386","targetHints":{"allow":["GET"]}}],"collection":[{"href":"https:\/\/cdnoticias.com\/index.php\/wp-json\/wp\/v2\/posts"}],"about":[{"href":"https:\/\/cdnoticias.com\/index.php\/wp-json\/wp\/v2\/types\/post"}],"author":[{"embeddable":true,"href":"https:\/\/cdnoticias.com\/index.php\/wp-json\/wp\/v2\/users\/3"}],"replies":[{"embeddable":true,"href":"https:\/\/cdnoticias.com\/index.php\/wp-json\/wp\/v2\/comments?post=25386"}],"version-history":[{"count":0,"href":"https:\/\/cdnoticias.com\/index.php\/wp-json\/wp\/v2\/posts\/25386\/revisions"}],"wp:featuredmedia":[{"embeddable":true,"href":"https:\/\/cdnoticias.com\/index.php\/wp-json\/wp\/v2\/media\/25387"}],"wp:attachment":[{"href":"https:\/\/cdnoticias.com\/index.php\/wp-json\/wp\/v2\/media?parent=25386"}],"wp:term":[{"taxonomy":"category","embeddable":true,"href":"https:\/\/cdnoticias.com\/index.php\/wp-json\/wp\/v2\/categories?post=25386"},{"taxonomy":"post_tag","embeddable":true,"href":"https:\/\/cdnoticias.com\/index.php\/wp-json\/wp\/v2\/tags?post=25386"}],"curies":[{"name":"wp","href":"https:\/\/api.w.org\/{rel}","templated":true}]}}