{"id":25361,"date":"2022-10-22T21:42:51","date_gmt":"2022-10-23T00:42:51","guid":{"rendered":"http:\/\/centraldeportes.com.ar\/?p=25361"},"modified":"2025-02-10T23:20:28","modified_gmt":"2025-02-11T02:20:28","slug":"estudiantes-lo-sufrio-en-el-final-pero-debuto-con-victoria-en-el-regional-amateur","status":"publish","type":"post","link":"https:\/\/cdnoticias.com\/index.php\/2022\/10\/22\/estudiantes-lo-sufrio-en-el-final-pero-debuto-con-victoria-en-el-regional-amateur\/","title":{"rendered":"Estudiantes lo sufri\u00f3 en el final pero debut\u00f3 con victoria en el Regional Amateur"},"content":{"rendered":"<p>El \u201cBata\u201d, que lo perd\u00eda desde los 10 segundos del primer tiempo, le dio vuelta el partido a River Plate de Azul y le gan\u00f3 por 3 a 2 en el Parque Carlos Guerrero.<!--more--><\/p>\n<hr \/>\n<p>En la tarde de este s\u00e1bado, <strong>Estudiantes<\/strong> hizo su estreno en el Torneo Regional Amateur y <strong>recibi\u00f3 a River Plate de Azul en el marco de la 2\u00b0 fecha de la Zona 7<\/strong> correspondiente a la Regi\u00f3n Pampeana Sur. <strong>All\u00ed el \u201cBata\u201d, con goles de Emilio Seibel, Gonzalo G\u00f3mez y Facundo P\u00e9rez, venci\u00f3 3 a 2 al conjunto azule\u00f1o \u2013 doblete de Franco Vignale \u2013 y sum\u00f3 sus primeros tres puntos en la competencia del Consejo Federal<\/strong>.<\/p>\n<p>&nbsp;<\/p>\n<p>Si bien lo arranc\u00f3 perdiendo \u201cdesde el vestuario\u201d, <strong>el conjunto olavarriense<\/strong> no perdi\u00f3 la calma y enseguida <strong>logr\u00f3 dar vuelta el resultado en la primera mitad<\/strong>. En el segundo tiempo ampli\u00f3 la ventaja y <strong>pudo haber goleado pero lo termin\u00f3 sufriendo<\/strong> con un tiro en el palo en una de las \u00faltimas del encuentro.<\/p>\n<p>&nbsp;<\/p>\n<h6><strong>El partido<\/strong><\/h6>\n<p>&nbsp;<\/p>\n<p>Con un gol sacando del medio \u2013 emulando a su hom\u00f3nimo en la ida de la final de la Libertadores 2018 frente a Boca \u2013 River se adelant\u00f3 r\u00e1pido en el marcador con un gol a los 10 segundos. <strong>Franco Vignale, asistido perfectamente con un pase largo de Arenoso, pic\u00f3 a espaldas de los centrales y defini\u00f3 de primera por encima del arquero Masson \u2013 qued\u00f3 a mitad de camino \u2013 para el 1 a 0 parcial<\/strong>.<\/p>\n<p>&nbsp;<\/p>\n<p>Luego del gol, a Estudiantes le cost\u00f3 algunos minutos para entrar en partido pero cada vez que lo hizo gener\u00f3 peligro en el \u00e1rea del \u201cCARPA\u201d. A los 11\u2019 intent\u00f3 P\u00e9rez con un remate desviado y minutos m\u00e1s tarde, a los 22\u2019, se luci\u00f3 Masson para sacarle un disparo de buena posici\u00f3n a Funes.<\/p>\n<p>&nbsp;<\/p>\n<p>[soliloquy id=&#8221;25341&#8243;]<\/p>\n<p>&nbsp;<\/p>\n<p>Sin embargo a los 27 minutos lleg\u00f3 la igualdad transitoria para los de Botella. <strong>El bal\u00f3n le qued\u00f3 a P\u00e9rez tras un centro pasado de Peralta, mand\u00f3 la pelota al \u00e1rea chica y lleg\u00f3 Emilio Seibel por el segundo, quien en complicidad con el marcador central mand\u00f3 la pelota al fondo de la red poniendo el 1 a 1<\/strong>. Cinco minutos m\u00e1s tarde y mediante pelota detenida<strong> a los 32\u2019, Barbieri sali\u00f3 mal a despejar con los pu\u00f1os y el rebote le qued\u00f3 justo a Gonzalo G\u00f3mez para el segundo grito \u201cBataraz\u201d de la tarde<\/strong>.<\/p>\n<p>&nbsp;<\/p>\n<p>En la etapa complementaria el que golpe\u00f3 r\u00e1pido esta vez fue Estudiantes. <strong>G\u00f3mez parti\u00f3 perfectamente habilitado asistido por Peralta, traslad\u00f3 hasta la zona de peligro y la cruz\u00f3 para Facundo P\u00e9rez que solo la tuvo que empujar a la red para el 3 a 1 cuando corr\u00edan 48\u2019<\/strong>.<\/p>\n<p>&nbsp;<\/p>\n<h6><strong>El \u201cBata\u201d pudo haber goleado<\/strong><\/h6>\n<p>Seibel cont\u00f3 con varias chances para aumentar la diferencia pero en todas respondi\u00f3 notablemente el arquero \u201cRiverplatense\u201d. A los 52\u2019 le sac\u00f3 un potente derechazo, a los 63\u2019 le ahog\u00f3 el grito quedando\u00a0 mano a mano y en el minuto 74\u2019 le contuvo un cabezazo al delantero &#8220;Albinegro&#8221;.<\/p>\n<p>&nbsp;<\/p>\n<p>No obstante, en el mejor momento de Estudiantes, River consigui\u00f3 descontar desde el punto penal. <strong>Iban 72\u2019 cuando Junger se llev\u00f3 puesto a Cos dentro del \u00e1rea y enseguida el \u00e1rbitro pit\u00f3 la pena m\u00e1xima que intercambi\u00f3 por gol Franco Vignale un minuto despu\u00e9s<\/strong>. Los cambios realizados por Peraf\u00e1n surtieron efecto en <strong>el elenco visitante, que tuvo el empate en la \u00faltima del partido en los pies de Vignale pero estrell\u00f3 el esf\u00e9rico en el ca\u00f1o izquierdo<\/strong>.<\/p>\n<p>&nbsp;<\/p>\n<p>Si bien lo sufri\u00f3 en el final, <strong>el \u201cBata\u201d logr\u00f3 debutar de la mejor manera<\/strong> en la competencia organizada por el Consejo Federal y <strong>en la pr\u00f3xima fecha viajar\u00e1 a Las Flores para visitar a Ferrocarril Roca<\/strong>.<\/p>\n<hr \/>\n<h6><strong>Tabla de Posiciones Zona 7 \u2013 Regi\u00f3n Pampeana Sur<\/strong><\/h6>\n<p>Estudiantes y River Plate (<strong>3 pts.<\/strong>); Ferrocarril Roca de Las Flores (<strong>0<\/strong>).<\/p>\n<hr \/>\n<p><strong>S\u00edntesis Estudiantes \u2013 River Plate (Azul): <\/strong><\/p>\n<p><strong>Estudiantes (3): <\/strong>Juli\u00e1n Masson; Lautaro Basterrica (K. Gentil), Adri\u00e1n Reta, Bernardo Junger, Claudio Gim\u00e9nez; Bruno Peralta, Mariano Flores (G. Trepichio), Facundo Cortadi, Facundo P\u00e9rez; Gonzalo G\u00f3mez (R. Galotti) y Emilio Seibel. DT: Duilio Botella.<\/p>\n<p><strong>River Plate (2): <\/strong>Hern\u00e1n Barbieri; Brian S\u00e1nchez (E. Brienzo), Iv\u00e1n Mart\u00ednez, Federico Arenoso La Torre, Iv\u00e1n Correa, El\u00edas Errobidart; Juan Manuel Ponce (F. Panelo), Eduardo Palavecino (A. Cos), Ramiro Funes (F. Parodi); Franco Vignale y Ezequiel Laserna. DT: Mat\u00edas Peraf\u00e1n.<\/p>\n<p><strong>Goles<\/strong>: 14 seg. PT y 28m. ST \u2013 p \u2013 Franco Vignale (RP); 27m. PT Emilio Seibel (CAE), 32m. ST Gonzalo G\u00f3mez (CAE) y 3m. ST Facundo P\u00e9rez (CAE).<\/p>\n<p><strong>Amonestados<\/strong>: Mart\u00ednez y Arenoso La Torre (River Plate).<\/p>\n<p><strong>Expulsados<\/strong>: No hubo.<\/p>\n<p><strong>\u00c1rbitro<\/strong>: Carlos Althabe (Rauch). <strong>Estadio<\/strong>: Parque Carlos Guerrero.<\/p>\n","protected":false},"excerpt":{"rendered":"<p>El \u201cBata\u201d, que lo perd\u00eda desde los 10 segundos del primer tiempo, le dio vuelta el partido a River Plate<\/p>\n","protected":false},"author":96739694,"featured_media":153151,"comment_status":"closed","ping_status":"closed","sticky":false,"template":"","format":"standard","meta":{"_jetpack_memberships_contains_paid_content":false,"footnotes":""},"categories":[35,1,54],"tags":[],"class_list":["post-25361","post","type-post","status-publish","format-standard","has-post-thumbnail","hentry","category-futbol","category-portada","category-torneo-regional-amateur"],"jetpack_featured_media_url":"https:\/\/i0.wp.com\/cdnoticias.com\/wp-content\/uploads\/2022\/10\/cae-trfa-6.jpeg?fit=1280%2C853&ssl=1","jetpack_sharing_enabled":true,"_links":{"self":[{"href":"https:\/\/cdnoticias.com\/index.php\/wp-json\/wp\/v2\/posts\/25361","targetHints":{"allow":["GET"]}}],"collection":[{"href":"https:\/\/cdnoticias.com\/index.php\/wp-json\/wp\/v2\/posts"}],"about":[{"href":"https:\/\/cdnoticias.com\/index.php\/wp-json\/wp\/v2\/types\/post"}],"author":[{"embeddable":true,"href":"https:\/\/cdnoticias.com\/index.php\/wp-json\/wp\/v2\/users\/96739694"}],"replies":[{"embeddable":true,"href":"https:\/\/cdnoticias.com\/index.php\/wp-json\/wp\/v2\/comments?post=25361"}],"version-history":[{"count":0,"href":"https:\/\/cdnoticias.com\/index.php\/wp-json\/wp\/v2\/posts\/25361\/revisions"}],"wp:featuredmedia":[{"embeddable":true,"href":"https:\/\/cdnoticias.com\/index.php\/wp-json\/wp\/v2\/media\/153151"}],"wp:attachment":[{"href":"https:\/\/cdnoticias.com\/index.php\/wp-json\/wp\/v2\/media?parent=25361"}],"wp:term":[{"taxonomy":"category","embeddable":true,"href":"https:\/\/cdnoticias.com\/index.php\/wp-json\/wp\/v2\/categories?post=25361"},{"taxonomy":"post_tag","embeddable":true,"href":"https:\/\/cdnoticias.com\/index.php\/wp-json\/wp\/v2\/tags?post=25361"}],"curies":[{"name":"wp","href":"https:\/\/api.w.org\/{rel}","templated":true}]}}