{"id":25356,"date":"2021-06-30T16:12:50","date_gmt":"2021-06-30T19:12:50","guid":{"rendered":"http:\/\/www.centraldenoticias.com.ar\/?p=25356"},"modified":"2021-06-30T16:12:50","modified_gmt":"2021-06-30T19:12:50","slug":"programa-de-inclusion-en-el-bioparque-municipal-la-maxima","status":"publish","type":"post","link":"https:\/\/cdnoticias.com\/index.php\/2021\/06\/30\/programa-de-inclusion-en-el-bioparque-municipal-la-maxima\/","title":{"rendered":"Programa de inclusi\u00f3n en el Bioparque Municipal \u201cLa M\u00e1xima\u201d"},"content":{"rendered":"<p>Contin\u00faa el desarrollo de la experiencia de educaci\u00f3n para la inclusi\u00f3n que se desarrolla en el Bioparque Municipal \u201cLa M\u00e1xima\u201d y tiene a la educaci\u00f3n ambiental como estrategia educativa.<!--more--><\/p>\n<hr \/>\n<p>El programa de inclusi\u00f3n se desarrolla con la supervisi\u00f3n y colaboraci\u00f3n del <strong>Patronato de Liberados de la Provincia de Buenos Aires Delegaci\u00f3n Olavarr\u00eda<\/strong> (a cargo de Mar\u00eda Jos\u00e9 Funes) en el marco del Programa m\u00e1s trabajo menos reincidencia.<\/p>\n<p>&nbsp;<\/p>\n<p>El trabajo colaborativo de ambas instituciones brinda oportunidades de aprendizaje laboral, que fomentan la inclusi\u00f3n, la alianza estrat\u00e9gica permanente que se fortalece todos los d\u00edas, sorteando dificultades y logrando llevar adelante diferentes tareas de mantenimiento, en el vivero del Bioparque, <strong>se fortalece con espacios de reflexi\u00f3n y acompa\u00f1amiento<\/strong> que se llevan adelante entre ambas instituciones que trabajan en para fortalecer la inclusi\u00f3n de los ciudadanos vinculados al programa.<\/p>\n<p>&nbsp;<\/p>\n<p>En esta oportunidad <strong>se desarrollaron diversas actividades que ponen en valor el estanque australiano del Bioparque<\/strong>, se plantaron pajas coloradas, se podaron colas de zorro, se carpieron los canteros entre otras tareas en el espacio donde se desarrollar\u00e1 un programa para la conservaci\u00f3n de peces de humedales pampeanos mediante la gu\u00eda y acompa\u00f1amiento del Departamento de Educaci\u00f3n Formal y No Formal de Integraci\u00f3n Comunitaria.<\/p>\n<p>&nbsp;<\/p>\n","protected":false},"excerpt":{"rendered":"<p>Contin\u00faa el desarrollo de la experiencia de educaci\u00f3n para la inclusi\u00f3n que se desarrolla en el Bioparque Municipal \u201cLa M\u00e1xima\u201d<\/p>\n","protected":false},"author":5,"featured_media":25357,"comment_status":"closed","ping_status":"closed","sticky":false,"template":"","format":"standard","meta":{"_jetpack_memberships_contains_paid_content":false,"footnotes":""},"categories":[5],"tags":[],"class_list":["post-25356","post","type-post","status-publish","format-standard","has-post-thumbnail","hentry","category-informacion-general"],"jetpack_featured_media_url":"https:\/\/i0.wp.com\/cdnoticias.com\/wp-content\/uploads\/2021\/06\/La-Maxima-colaboracion-Patronato-1024x682.jpg?fit=1024%2C682&ssl=1","jetpack_sharing_enabled":true,"_links":{"self":[{"href":"https:\/\/cdnoticias.com\/index.php\/wp-json\/wp\/v2\/posts\/25356","targetHints":{"allow":["GET"]}}],"collection":[{"href":"https:\/\/cdnoticias.com\/index.php\/wp-json\/wp\/v2\/posts"}],"about":[{"href":"https:\/\/cdnoticias.com\/index.php\/wp-json\/wp\/v2\/types\/post"}],"author":[{"embeddable":true,"href":"https:\/\/cdnoticias.com\/index.php\/wp-json\/wp\/v2\/users\/5"}],"replies":[{"embeddable":true,"href":"https:\/\/cdnoticias.com\/index.php\/wp-json\/wp\/v2\/comments?post=25356"}],"version-history":[{"count":0,"href":"https:\/\/cdnoticias.com\/index.php\/wp-json\/wp\/v2\/posts\/25356\/revisions"}],"wp:featuredmedia":[{"embeddable":true,"href":"https:\/\/cdnoticias.com\/index.php\/wp-json\/wp\/v2\/media\/25357"}],"wp:attachment":[{"href":"https:\/\/cdnoticias.com\/index.php\/wp-json\/wp\/v2\/media?parent=25356"}],"wp:term":[{"taxonomy":"category","embeddable":true,"href":"https:\/\/cdnoticias.com\/index.php\/wp-json\/wp\/v2\/categories?post=25356"},{"taxonomy":"post_tag","embeddable":true,"href":"https:\/\/cdnoticias.com\/index.php\/wp-json\/wp\/v2\/tags?post=25356"}],"curies":[{"name":"wp","href":"https:\/\/api.w.org\/{rel}","templated":true}]}}