{"id":25354,"date":"2021-06-30T15:54:06","date_gmt":"2021-06-30T18:54:06","guid":{"rendered":"http:\/\/www.centraldenoticias.com.ar\/?p=25354"},"modified":"2021-06-30T15:54:06","modified_gmt":"2021-06-30T18:54:06","slug":"coopelectric-realizara-un-corte-de-luz-que-tambien-afectara-el-servicio-de-agua","status":"publish","type":"post","link":"https:\/\/cdnoticias.com\/index.php\/2021\/06\/30\/coopelectric-realizara-un-corte-de-luz-que-tambien-afectara-el-servicio-de-agua\/","title":{"rendered":"Coopelectric realizar\u00e1 un corte de luz que tambi\u00e9n afectar\u00e1 el servicio de agua"},"content":{"rendered":"<p>Ser\u00e1 durante el inicio de la ma\u00f1ana de este jueves y abarcar\u00e1 la zona de los barrios Villa Aurora, AOMA y Los Sauces.<!--more--><\/p>\n<hr \/>\n<p>En el inicio de la ma\u00f1ana de este jueves un corte programado desde Coopelectric afectar\u00e1 no s\u00f3lo el suministro el\u00e9ctrico de un sector de la ciudad, sino que<strong> tambi\u00e9n el servicio sanitario, debido a que en esa zona se ubican pozos de extracci\u00f3n de agua<\/strong>.<\/p>\n<p>&nbsp;<\/p>\n<p>De acuerdo con lo que se detall\u00f3, ser\u00e1 <strong>desde las 8 hasta las 10.30 y afectar\u00e1 el sector comprendido por las calles 237, Las Heras, San Mart\u00edn y avenida Circunvalaci\u00f3n Sur.<\/strong><\/p>\n<p>&nbsp;<\/p>\n<p>El dato a tener en cuenta es que, seg\u00fan se a\u00f1adi\u00f3 desde Coopelectric, <strong>\u201cesta interrupci\u00f3n afectar\u00e1 el funcionamiento del pozo extracci\u00f3n de agua ubicado en el barrio AOMA, por lo que podr\u00eda experimentarse baja presi\u00f3n en el Servicio Sanitario\u201d<\/strong>.<\/p>\n<p>&nbsp;<\/p>\n<p><strong>\u201cSolicitamos a los vecinos de dicho barrio que tomen los recaudos necesarios para administrar su consumo, de forma tal, que puedan abastecerse con la reserva de su tanque domiciliario\u201d<\/strong>, se solicit\u00f3.<\/p>\n","protected":false},"excerpt":{"rendered":"<p>Ser\u00e1 durante el inicio de la ma\u00f1ana de este jueves y abarcar\u00e1 la zona de los barrios Villa Aurora, AOMA<\/p>\n","protected":false},"author":3,"featured_media":6841,"comment_status":"closed","ping_status":"closed","sticky":false,"template":"","format":"standard","meta":{"_jetpack_memberships_contains_paid_content":false,"footnotes":""},"categories":[5,1],"tags":[],"class_list":["post-25354","post","type-post","status-publish","format-standard","has-post-thumbnail","hentry","category-informacion-general","category-portada"],"jetpack_featured_media_url":"https:\/\/i0.wp.com\/cdnoticias.com\/wp-content\/uploads\/2020\/11\/01-Tareas-Alimentador-N%C2%B0-1.jpg?fit=1365%2C768&ssl=1","jetpack_sharing_enabled":true,"_links":{"self":[{"href":"https:\/\/cdnoticias.com\/index.php\/wp-json\/wp\/v2\/posts\/25354","targetHints":{"allow":["GET"]}}],"collection":[{"href":"https:\/\/cdnoticias.com\/index.php\/wp-json\/wp\/v2\/posts"}],"about":[{"href":"https:\/\/cdnoticias.com\/index.php\/wp-json\/wp\/v2\/types\/post"}],"author":[{"embeddable":true,"href":"https:\/\/cdnoticias.com\/index.php\/wp-json\/wp\/v2\/users\/3"}],"replies":[{"embeddable":true,"href":"https:\/\/cdnoticias.com\/index.php\/wp-json\/wp\/v2\/comments?post=25354"}],"version-history":[{"count":0,"href":"https:\/\/cdnoticias.com\/index.php\/wp-json\/wp\/v2\/posts\/25354\/revisions"}],"wp:featuredmedia":[{"embeddable":true,"href":"https:\/\/cdnoticias.com\/index.php\/wp-json\/wp\/v2\/media\/6841"}],"wp:attachment":[{"href":"https:\/\/cdnoticias.com\/index.php\/wp-json\/wp\/v2\/media?parent=25354"}],"wp:term":[{"taxonomy":"category","embeddable":true,"href":"https:\/\/cdnoticias.com\/index.php\/wp-json\/wp\/v2\/categories?post=25354"},{"taxonomy":"post_tag","embeddable":true,"href":"https:\/\/cdnoticias.com\/index.php\/wp-json\/wp\/v2\/tags?post=25354"}],"curies":[{"name":"wp","href":"https:\/\/api.w.org\/{rel}","templated":true}]}}