{"id":25325,"date":"2021-06-30T12:31:30","date_gmt":"2021-06-30T15:31:30","guid":{"rendered":"http:\/\/www.centraldenoticias.com.ar\/?p=25325"},"modified":"2021-06-30T13:48:49","modified_gmt":"2021-06-30T16:48:49","slug":"sergio-berni-ya-esta-en-olavarria","status":"publish","type":"post","link":"https:\/\/cdnoticias.com\/index.php\/2021\/06\/30\/sergio-berni-ya-esta-en-olavarria\/","title":{"rendered":"Sergio Berni ya est\u00e1 en Olavarr\u00eda"},"content":{"rendered":"<p>El ministro de Seguridad de la provincia arrib\u00f3 a la ciudad pasado el mediod\u00eda. Lleg\u00f3 en helic\u00f3ptero a la cancha de Racing y fue recibido por Federico Aguilera.<!--more--><\/p>\n<hr \/>\n<p><strong>El ministro de Seguridad de la provincia de Buenos Aires, Sergio Berni, arrib\u00f3 a Olavarr\u00eda pasado el mediod\u00eda<\/strong>.<\/p>\n<p>&nbsp;<\/p>\n<p>Lleg\u00f3 en helic\u00f3ptero, aterriz\u00f3 en la cancha de f\u00fatbol del club Racing donde <strong>fue recibido por Federico Aguiler<\/strong>a. Adem\u00e1s estuvieron <strong>C\u00e9sar Valicenti y Guillermo Santell\u00e1n<\/strong>, para recibir a la comitiva de la cartera de Seguridad.<\/p>\n<p>&nbsp;<\/p>\n<p><img data-recalc-dims=\"1\" loading=\"lazy\" decoding=\"async\" class=\"size-full wp-image-25326 aligncenter\" src=\"https:\/\/i0.wp.com\/cdnoticias.com\/wp-content\/uploads\/2021\/06\/berni-aguilera-01.jpg?resize=800%2C446&#038;ssl=1\" alt=\"\" width=\"800\" height=\"446\" srcset=\"https:\/\/i0.wp.com\/cdnoticias.com\/wp-content\/uploads\/2021\/06\/berni-aguilera-01.jpg?w=826&amp;ssl=1 826w, https:\/\/i0.wp.com\/cdnoticias.com\/wp-content\/uploads\/2021\/06\/berni-aguilera-01.jpg?resize=300%2C167&amp;ssl=1 300w, https:\/\/i0.wp.com\/cdnoticias.com\/wp-content\/uploads\/2021\/06\/berni-aguilera-01.jpg?resize=768%2C428&amp;ssl=1 768w, https:\/\/i0.wp.com\/cdnoticias.com\/wp-content\/uploads\/2021\/06\/berni-aguilera-01.jpg?resize=800%2C445&amp;ssl=1 800w\" sizes=\"auto, (max-width: 800px) 100vw, 800px\" \/><\/p>\n<p>&nbsp;<\/p>\n<p>Como parte de la comitiva del ministro lleg\u00f3 tambi\u00e9n el<strong> subsecretario de Transporte provincial, Alejo Supply<\/strong>.<\/p>\n<p>&nbsp;<\/p>\n<p><strong>Berni se dirigi\u00f3 al Palacio Municipal<\/strong> donde se program\u00f3 una reuni\u00f3n con el jefe comunal, Ezequiel Galli.<\/p>\n<p>&nbsp;<\/p>\n<p><strong>El ministro lleg\u00f3 desde la localidad de Bol\u00edvar<\/strong>, donde ya mantuvo actividades entre ellas una reuni\u00f3n con el intendente Marcos Pisano. Tras la recorrida por Olavarr\u00eda Berni viajar\u00e1 hasta la localidad de Azul. El funcionario de la gesti\u00f3n de Axel Kicillof completar\u00e1 de esta manera una visita a los tres principales distritos de la S\u00e9ptima Secci\u00f3n Electoral.<\/p>\n","protected":false},"excerpt":{"rendered":"<p>El ministro de Seguridad de la provincia arrib\u00f3 a la ciudad pasado el mediod\u00eda. Lleg\u00f3 en helic\u00f3ptero a la cancha<\/p>\n","protected":false},"author":4,"featured_media":25327,"comment_status":"closed","ping_status":"closed","sticky":false,"template":"","format":"standard","meta":{"_jetpack_memberships_contains_paid_content":false,"footnotes":""},"categories":[4,1],"tags":[],"class_list":["post-25325","post","type-post","status-publish","format-standard","has-post-thumbnail","hentry","category-politica","category-portada"],"jetpack_featured_media_url":"https:\/\/i0.wp.com\/cdnoticias.com\/wp-content\/uploads\/2021\/06\/berni-aguilera-00.jpg?fit=586%2C326&ssl=1","jetpack_sharing_enabled":true,"_links":{"self":[{"href":"https:\/\/cdnoticias.com\/index.php\/wp-json\/wp\/v2\/posts\/25325","targetHints":{"allow":["GET"]}}],"collection":[{"href":"https:\/\/cdnoticias.com\/index.php\/wp-json\/wp\/v2\/posts"}],"about":[{"href":"https:\/\/cdnoticias.com\/index.php\/wp-json\/wp\/v2\/types\/post"}],"author":[{"embeddable":true,"href":"https:\/\/cdnoticias.com\/index.php\/wp-json\/wp\/v2\/users\/4"}],"replies":[{"embeddable":true,"href":"https:\/\/cdnoticias.com\/index.php\/wp-json\/wp\/v2\/comments?post=25325"}],"version-history":[{"count":0,"href":"https:\/\/cdnoticias.com\/index.php\/wp-json\/wp\/v2\/posts\/25325\/revisions"}],"wp:featuredmedia":[{"embeddable":true,"href":"https:\/\/cdnoticias.com\/index.php\/wp-json\/wp\/v2\/media\/25327"}],"wp:attachment":[{"href":"https:\/\/cdnoticias.com\/index.php\/wp-json\/wp\/v2\/media?parent=25325"}],"wp:term":[{"taxonomy":"category","embeddable":true,"href":"https:\/\/cdnoticias.com\/index.php\/wp-json\/wp\/v2\/categories?post=25325"},{"taxonomy":"post_tag","embeddable":true,"href":"https:\/\/cdnoticias.com\/index.php\/wp-json\/wp\/v2\/tags?post=25325"}],"curies":[{"name":"wp","href":"https:\/\/api.w.org\/{rel}","templated":true}]}}