{"id":25294,"date":"2021-06-29T19:18:49","date_gmt":"2021-06-29T22:18:49","guid":{"rendered":"http:\/\/www.centraldenoticias.com.ar\/?p=25294"},"modified":"2021-06-29T19:18:49","modified_gmt":"2021-06-29T22:18:49","slug":"cuatreros-faenaron-una-vaca-prenada-en-un-campo-de-sierras-bayas","status":"publish","type":"post","link":"https:\/\/cdnoticias.com\/index.php\/2021\/06\/29\/cuatreros-faenaron-una-vaca-prenada-en-un-campo-de-sierras-bayas\/","title":{"rendered":"Cuatreros faenaron una vaca pre\u00f1ada en un campo de Sierras Bayas"},"content":{"rendered":"<p>El caso fue descubierto en las \u00faltimas horas en un establecimiento rural de la localidad serrana.<!--more--><\/p>\n<hr \/>\n<p><strong>\u201cLe llevaron todo\u201d<\/strong>. De esa manera un productor rural narr\u00f3 la manera en que un vacuno fue dejado en un establecimiento rural de Sierras Bayas, en <strong>un nuevo hecho de abigeato en el partido de Olavarr\u00eda que fue detectado en las \u00faltimas horas.<\/strong><\/p>\n<p>&nbsp;<\/p>\n<p>La indignaci\u00f3n del sector en esta ocasi\u00f3n no solo radica en la reiteraci\u00f3n de los hechos, sino que <strong>se trat\u00f3 de un animal que se hallaba pre\u00f1ado, quedando el ternero sin vida en el vientre materno, entre lo poco que dejaron sin llevarse del lugar<\/strong>.<\/p>\n<p>&nbsp;<\/p>\n<p><strong>\u201cLe dejaron la cabeza pelada. Le sacaron hasta la lengua y la quijada, y el espinazo pelado\u201d<\/strong>, a\u00f1adi\u00f3 la misma fuente dejando entrever tambi\u00e9n el grado de profesionalismo de los cuatreros, comparando la escena con casos de data reciente<strong>. Estiman que los delincuentes se habr\u00edan llevado no menos de 200 kilos de carne.<\/strong><\/p>\n<p>&nbsp;<\/p>\n<p>Por \u00faltimo, con respecto a la visita del ministro de Seguridad bonaerense pautada para las pr\u00f3ximas horas,\u00a0trascendi\u00f3 que no se descartar\u00eda un encuentro entre Berni y referentes del sector.\u00a0Vale destacar que <strong>tanto desde la Sociedad Rural como productores de manera independiente han reclamado inclusive ante funcionarios provinciales por respuestas ante el incremento de hechos en los campos<\/strong>.<\/p>\n<p>&nbsp;<\/p>\n<p><em>Foto ilustrativa. Archivo<\/em><\/p>\n","protected":false},"excerpt":{"rendered":"<p>El caso fue descubierto en las \u00faltimas horas en un establecimiento rural de la localidad serrana.<\/p>\n","protected":false},"author":3,"featured_media":25295,"comment_status":"closed","ping_status":"closed","sticky":false,"template":"","format":"standard","meta":{"_jetpack_memberships_contains_paid_content":false,"footnotes":""},"categories":[14,1],"tags":[],"class_list":["post-25294","post","type-post","status-publish","format-standard","has-post-thumbnail","hentry","category-policiales","category-portada"],"jetpack_featured_media_url":"https:\/\/i0.wp.com\/cdnoticias.com\/wp-content\/uploads\/2021\/06\/WhatsApp-Image-2021-06-29-at-19.04.28.jpeg?fit=1280%2C720&ssl=1","jetpack_sharing_enabled":true,"_links":{"self":[{"href":"https:\/\/cdnoticias.com\/index.php\/wp-json\/wp\/v2\/posts\/25294","targetHints":{"allow":["GET"]}}],"collection":[{"href":"https:\/\/cdnoticias.com\/index.php\/wp-json\/wp\/v2\/posts"}],"about":[{"href":"https:\/\/cdnoticias.com\/index.php\/wp-json\/wp\/v2\/types\/post"}],"author":[{"embeddable":true,"href":"https:\/\/cdnoticias.com\/index.php\/wp-json\/wp\/v2\/users\/3"}],"replies":[{"embeddable":true,"href":"https:\/\/cdnoticias.com\/index.php\/wp-json\/wp\/v2\/comments?post=25294"}],"version-history":[{"count":0,"href":"https:\/\/cdnoticias.com\/index.php\/wp-json\/wp\/v2\/posts\/25294\/revisions"}],"wp:featuredmedia":[{"embeddable":true,"href":"https:\/\/cdnoticias.com\/index.php\/wp-json\/wp\/v2\/media\/25295"}],"wp:attachment":[{"href":"https:\/\/cdnoticias.com\/index.php\/wp-json\/wp\/v2\/media?parent=25294"}],"wp:term":[{"taxonomy":"category","embeddable":true,"href":"https:\/\/cdnoticias.com\/index.php\/wp-json\/wp\/v2\/categories?post=25294"},{"taxonomy":"post_tag","embeddable":true,"href":"https:\/\/cdnoticias.com\/index.php\/wp-json\/wp\/v2\/tags?post=25294"}],"curies":[{"name":"wp","href":"https:\/\/api.w.org\/{rel}","templated":true}]}}