{"id":25291,"date":"2021-06-29T18:48:19","date_gmt":"2021-06-29T21:48:19","guid":{"rendered":"http:\/\/www.centraldenoticias.com.ar\/?p=25291"},"modified":"2021-06-29T18:48:19","modified_gmt":"2021-06-29T21:48:19","slug":"municipales-convocan-a-una-conferencia-de-prensa-por-la-negociacion-paritaria","status":"publish","type":"post","link":"https:\/\/cdnoticias.com\/index.php\/2021\/06\/29\/municipales-convocan-a-una-conferencia-de-prensa-por-la-negociacion-paritaria\/","title":{"rendered":"Municipales convocan a una conferencia de prensa por la negociaci\u00f3n paritaria"},"content":{"rendered":"<p>Ser\u00e1 a partir de las 12.30 en el complejo recreativo que cuenta el Sindicato en el extremo norte del casco urbano local.<!--more--><\/p>\n<hr \/>\n<p><strong>\u201cSe tratar\u00e1 el tema de la negociaci\u00f3n paritaria\u201d<\/strong>. De esa manera desde el Sindicato de Trabajadores Municipales de Olavarr\u00eda se refiri\u00f3 cu\u00e1l ser\u00e1 el tema que se abordar\u00e1 en una conferencia de prensa que fue convocada para el mediod\u00eda de este mi\u00e9rcoles.<\/p>\n<p>&nbsp;<\/p>\n<p>En una primera instancia la rueda de prensa hab\u00eda sido pautada para la 11, pero <strong>se posterg\u00f3 para las 12.30<\/strong> teniendo en cuenta el <a href=\"https:\/\/cdnoticias.com\/index.php\/2021\/06\/29\/sergio-berni-llegara-este-miercoles-a-olavarria\/\" target=\"_blank\" rel=\"noopener\">arribo a Olavarr\u00eda del ministro de Seguridad Sergio Berni<\/a>, que tambi\u00e9n fue anunciado, en un principio para las 11, aunque todav\u00eda no se han proclamado voces oficiales al respecto.<\/p>\n<p>&nbsp;<\/p>\n<p>Desde el sindicato encabezado por Jos\u00e9 Salvador Stuppia se detall\u00f3 que la convocatoria a los medios ser\u00e1 <strong>en el Complejo Recreativo que los municipales cuentan sobre la prolongaci\u00f3n norte de la avenida De los Trabajadores.<\/strong><\/p>\n","protected":false},"excerpt":{"rendered":"<p>Ser\u00e1 a partir de las 12.30 en el complejo recreativo que cuenta el Sindicato en el extremo norte del casco<\/p>\n","protected":false},"author":3,"featured_media":19104,"comment_status":"closed","ping_status":"closed","sticky":false,"template":"","format":"standard","meta":{"_jetpack_memberships_contains_paid_content":false,"footnotes":""},"categories":[5,1],"tags":[],"class_list":["post-25291","post","type-post","status-publish","format-standard","has-post-thumbnail","hentry","category-informacion-general","category-portada"],"jetpack_featured_media_url":"https:\/\/i0.wp.com\/cdnoticias.com\/wp-content\/uploads\/2021\/04\/municipales05.jpg?fit=800%2C445&ssl=1","jetpack_sharing_enabled":true,"_links":{"self":[{"href":"https:\/\/cdnoticias.com\/index.php\/wp-json\/wp\/v2\/posts\/25291","targetHints":{"allow":["GET"]}}],"collection":[{"href":"https:\/\/cdnoticias.com\/index.php\/wp-json\/wp\/v2\/posts"}],"about":[{"href":"https:\/\/cdnoticias.com\/index.php\/wp-json\/wp\/v2\/types\/post"}],"author":[{"embeddable":true,"href":"https:\/\/cdnoticias.com\/index.php\/wp-json\/wp\/v2\/users\/3"}],"replies":[{"embeddable":true,"href":"https:\/\/cdnoticias.com\/index.php\/wp-json\/wp\/v2\/comments?post=25291"}],"version-history":[{"count":0,"href":"https:\/\/cdnoticias.com\/index.php\/wp-json\/wp\/v2\/posts\/25291\/revisions"}],"wp:featuredmedia":[{"embeddable":true,"href":"https:\/\/cdnoticias.com\/index.php\/wp-json\/wp\/v2\/media\/19104"}],"wp:attachment":[{"href":"https:\/\/cdnoticias.com\/index.php\/wp-json\/wp\/v2\/media?parent=25291"}],"wp:term":[{"taxonomy":"category","embeddable":true,"href":"https:\/\/cdnoticias.com\/index.php\/wp-json\/wp\/v2\/categories?post=25291"},{"taxonomy":"post_tag","embeddable":true,"href":"https:\/\/cdnoticias.com\/index.php\/wp-json\/wp\/v2\/tags?post=25291"}],"curies":[{"name":"wp","href":"https:\/\/api.w.org\/{rel}","templated":true}]}}