{"id":25285,"date":"2021-06-29T21:07:54","date_gmt":"2021-06-30T00:07:54","guid":{"rendered":"http:\/\/www.centraldenoticias.com.ar\/?p=25285"},"modified":"2021-06-30T08:47:48","modified_gmt":"2021-06-30T11:47:48","slug":"se-mantiene-la-advertencia-violeta-por-las-bajas-temperaturas","status":"publish","type":"post","link":"https:\/\/cdnoticias.com\/index.php\/2021\/06\/29\/se-mantiene-la-advertencia-violeta-por-las-bajas-temperaturas\/","title":{"rendered":"Se mantiene la \u201cadvertencia violeta\u201d por las bajas temperaturas"},"content":{"rendered":"<p>La ola de fr\u00edo se prolongar\u00e1 hasta la tarde de este mi\u00e9rcoles. Para la madrugada de este mi\u00e9rcoles est\u00e1 prevista una m\u00ednima de 3 grados bajo cero.<!--more--><\/p>\n<hr \/>\n<p>Las bajas temperaturas se seguir\u00e1n sintiendo y mucho en el centro bonaerense y varios puntos del pa\u00eds, seg\u00fan detalla la <strong>\u201cadvertencia violeta\u201d emitida desde el Servicio Meteorol\u00f3gico Nacional y que mantiene su vigencia para estas latitudes.<\/strong><\/p>\n<p>&nbsp;<\/p>\n<p>&#8220;El \u00e1rea ser\u00e1 afectada por bajas temperaturas, por debajo de valores normales, al menos hasta la ma\u00f1ana del jueves 01. <strong>Se espera que las temperaturas m\u00ednimas est\u00e9n entre -3 \u00b0C y 4 \u00b0C, mientras que las temperaturas m\u00e1ximas oscilar\u00e1n entre 11 \u00b0C y 14 \u00b0C<\/strong>&#8220;, puede leerse en el comunicado publicado en el apartado de alertas.<\/p>\n<p>&nbsp;<\/p>\n<p><img data-recalc-dims=\"1\" loading=\"lazy\" decoding=\"async\" class=\"alignnone size-full wp-image-25287\" src=\"https:\/\/i0.wp.com\/cdnoticias.com\/wp-content\/uploads\/2021\/06\/pronostico-1.jpg?resize=780%2C265&#038;ssl=1\" alt=\"\" width=\"780\" height=\"265\" srcset=\"https:\/\/i0.wp.com\/cdnoticias.com\/wp-content\/uploads\/2021\/06\/pronostico-1.jpg?w=780&amp;ssl=1 780w, https:\/\/i0.wp.com\/cdnoticias.com\/wp-content\/uploads\/2021\/06\/pronostico-1.jpg?resize=300%2C102&amp;ssl=1 300w, https:\/\/i0.wp.com\/cdnoticias.com\/wp-content\/uploads\/2021\/06\/pronostico-1.jpg?resize=768%2C261&amp;ssl=1 768w\" sizes=\"auto, (max-width: 780px) 100vw, 780px\" \/><\/p>\n<p>&nbsp;<\/p>\n<p>De acuerdo a los datos de la Estaci\u00f3n Meteorol\u00f3gica local,<strong> la m\u00ednima registrada este martes fue de 4.3 grados a las 4.15 de la madrugada, mientras que la m\u00e1xima de la jornada fue de 11.9 a las 16,40<\/strong>.<\/p>\n<p>&nbsp;<\/p>\n<p>Precisamente el combo de fuertes vientos y bajas temperaturas ser\u00e1 la cuesti\u00f3n a tener en cuenta durante la jornada de este mi\u00e9rcoles, ya que <strong>est\u00e1 prevista una m\u00ednima de 3 grados bajo cero durante la madrugada y cero grados en la ma\u00f1ana<\/strong>. La m\u00e1xima trepar\u00e1 apenas a los 11 grados, todo acompa\u00f1ado por fuertes vientos, con r\u00e1fagas que podr\u00edan llegar a superar los 50 km\/h. El jueves, mientras tanto, la m\u00ednima fue estimada en los 2 grados y la m\u00e1xima en los 12.<\/p>\n","protected":false},"excerpt":{"rendered":"<p>La ola de fr\u00edo se prolongar\u00e1 hasta la tarde de este mi\u00e9rcoles. Para la madrugada de este mi\u00e9rcoles est\u00e1 prevista<\/p>\n","protected":false},"author":3,"featured_media":25289,"comment_status":"closed","ping_status":"closed","sticky":false,"template":"","format":"standard","meta":{"_jetpack_memberships_contains_paid_content":false,"footnotes":""},"categories":[5,1],"tags":[],"class_list":["post-25285","post","type-post","status-publish","format-standard","has-post-thumbnail","hentry","category-informacion-general","category-portada"],"jetpack_featured_media_url":"https:\/\/i0.wp.com\/cdnoticias.com\/wp-content\/uploads\/2021\/06\/violeta-2.jpg?fit=800%2C445&ssl=1","jetpack_sharing_enabled":true,"_links":{"self":[{"href":"https:\/\/cdnoticias.com\/index.php\/wp-json\/wp\/v2\/posts\/25285","targetHints":{"allow":["GET"]}}],"collection":[{"href":"https:\/\/cdnoticias.com\/index.php\/wp-json\/wp\/v2\/posts"}],"about":[{"href":"https:\/\/cdnoticias.com\/index.php\/wp-json\/wp\/v2\/types\/post"}],"author":[{"embeddable":true,"href":"https:\/\/cdnoticias.com\/index.php\/wp-json\/wp\/v2\/users\/3"}],"replies":[{"embeddable":true,"href":"https:\/\/cdnoticias.com\/index.php\/wp-json\/wp\/v2\/comments?post=25285"}],"version-history":[{"count":0,"href":"https:\/\/cdnoticias.com\/index.php\/wp-json\/wp\/v2\/posts\/25285\/revisions"}],"wp:featuredmedia":[{"embeddable":true,"href":"https:\/\/cdnoticias.com\/index.php\/wp-json\/wp\/v2\/media\/25289"}],"wp:attachment":[{"href":"https:\/\/cdnoticias.com\/index.php\/wp-json\/wp\/v2\/media?parent=25285"}],"wp:term":[{"taxonomy":"category","embeddable":true,"href":"https:\/\/cdnoticias.com\/index.php\/wp-json\/wp\/v2\/categories?post=25285"},{"taxonomy":"post_tag","embeddable":true,"href":"https:\/\/cdnoticias.com\/index.php\/wp-json\/wp\/v2\/tags?post=25285"}],"curies":[{"name":"wp","href":"https:\/\/api.w.org\/{rel}","templated":true}]}}