{"id":25281,"date":"2021-06-29T18:07:51","date_gmt":"2021-06-29T21:07:51","guid":{"rendered":"http:\/\/www.centraldenoticias.com.ar\/?p=25281"},"modified":"2021-06-29T18:07:51","modified_gmt":"2021-06-29T21:07:51","slug":"la-sociedad-de-fomento-provincias-unidas-denuncio-que-el-municipio-les-corto-la-luz","status":"publish","type":"post","link":"https:\/\/cdnoticias.com\/index.php\/2021\/06\/29\/la-sociedad-de-fomento-provincias-unidas-denuncio-que-el-municipio-les-corto-la-luz\/","title":{"rendered":"La Sociedad de Fomento Provincias Unidas denunci\u00f3 que el Municipio les cort\u00f3 la luz"},"content":{"rendered":"<p>Integrantes de la sede se\u00f1alaron que el corte se produjo el lunes y que el encargado de pagar el servicio es el Municipio. Desde el \u00e1mbito municipal negaron esa responsabilidad.<!--more--><\/p>\n<hr \/>\n<p>Desde la<strong> Sociedad de Fomento Provincias Unidas<\/strong> denunciaron a trav\u00e9s de un comunicado, que a primera hora del lunes, detectaron la<strong> falta de luz en la sede en la que se realizan actividades de la Escuela Primaria para Adultos y el desarrollo del comedor \u201cPocho Lepratti\u201d.<\/strong><\/p>\n<p>&nbsp;<\/p>\n<p>Se\u00f1alaron la gravedad de la situaci\u00f3n al indicar que <em>\u201c<strong>el encargado de abonar el importe de luz es la comuna local<\/strong>, por tanto, nos debieran haber notificado que tomar\u00edan esta determinaci\u00f3n, ya que s\u00ed lo hizo con la empresa prestadora del servicio, Coopelectric quien, a primera hora de este lunes, realiz\u00f3 el corte correspondiente, sin habernos siquiera tampoco, dejado una nota que exprese la acci\u00f3n llevada a cabo\u201d.<\/em><\/p>\n<p>&nbsp;<\/p>\n<p>&nbsp;<\/p>\n<p><em>\u201cEl silencio de esta medida, deja entrever un <strong>clima de persecuci\u00f3n<\/strong> para con nosotras y nosotros, para el edificio en particular y para la comunidad en general, ya que esta decisi\u00f3n perjudica directamente a esta sociedad de Fomento pero tambi\u00e9n al comedor y al ropero comunitario que aqu\u00ed funciona, a quienes vienen en busca de su ayuda, como tambi\u00e9n perjudica las clases de primaria para adultos, y por consiguiente a las actividades venideras que comenzar\u00edan el siguiente mes, con la apertura de las restricciones\u201d<\/em>, se\u00f1alaron.<\/p>\n<p>&nbsp;<\/p>\n<p>&nbsp;<\/p>\n<p>En ese sentido, fuentes oficiales afirmaron que<strong><em> \u201cla Municipalidad no paga la luz de ninguna sociedad de fomento\u201d.<\/em><\/strong> Y que son <strong>las sociedades de fomento quienes deber realizar los tr\u00e1mites de eximici\u00f3n de pago de servicios<\/strong> de cada lugar.<\/p>\n","protected":false},"excerpt":{"rendered":"<p>Integrantes de la sede se\u00f1alaron que el corte se produjo el lunes y que el encargado de pagar el servicio<\/p>\n","protected":false},"author":5,"featured_media":25282,"comment_status":"closed","ping_status":"closed","sticky":false,"template":"","format":"standard","meta":{"_jetpack_memberships_contains_paid_content":false,"footnotes":""},"categories":[5,1],"tags":[],"class_list":["post-25281","post","type-post","status-publish","format-standard","has-post-thumbnail","hentry","category-informacion-general","category-portada"],"jetpack_featured_media_url":"https:\/\/i0.wp.com\/cdnoticias.com\/wp-content\/uploads\/2021\/06\/20210628_123651.jpg?fit=3096%2C2316&ssl=1","jetpack_sharing_enabled":true,"_links":{"self":[{"href":"https:\/\/cdnoticias.com\/index.php\/wp-json\/wp\/v2\/posts\/25281","targetHints":{"allow":["GET"]}}],"collection":[{"href":"https:\/\/cdnoticias.com\/index.php\/wp-json\/wp\/v2\/posts"}],"about":[{"href":"https:\/\/cdnoticias.com\/index.php\/wp-json\/wp\/v2\/types\/post"}],"author":[{"embeddable":true,"href":"https:\/\/cdnoticias.com\/index.php\/wp-json\/wp\/v2\/users\/5"}],"replies":[{"embeddable":true,"href":"https:\/\/cdnoticias.com\/index.php\/wp-json\/wp\/v2\/comments?post=25281"}],"version-history":[{"count":0,"href":"https:\/\/cdnoticias.com\/index.php\/wp-json\/wp\/v2\/posts\/25281\/revisions"}],"wp:featuredmedia":[{"embeddable":true,"href":"https:\/\/cdnoticias.com\/index.php\/wp-json\/wp\/v2\/media\/25282"}],"wp:attachment":[{"href":"https:\/\/cdnoticias.com\/index.php\/wp-json\/wp\/v2\/media?parent=25281"}],"wp:term":[{"taxonomy":"category","embeddable":true,"href":"https:\/\/cdnoticias.com\/index.php\/wp-json\/wp\/v2\/categories?post=25281"},{"taxonomy":"post_tag","embeddable":true,"href":"https:\/\/cdnoticias.com\/index.php\/wp-json\/wp\/v2\/tags?post=25281"}],"curies":[{"name":"wp","href":"https:\/\/api.w.org\/{rel}","templated":true}]}}