{"id":25243,"date":"2021-06-29T12:37:20","date_gmt":"2021-06-29T15:37:20","guid":{"rendered":"http:\/\/www.centraldenoticias.com.ar\/?p=25243"},"modified":"2021-06-29T12:37:20","modified_gmt":"2021-06-29T15:37:20","slug":"unadosisdeidentidad-pacho-montoya-carlotto-se-sumo-a-la-campana","status":"publish","type":"post","link":"https:\/\/cdnoticias.com\/index.php\/2021\/06\/29\/unadosisdeidentidad-pacho-montoya-carlotto-se-sumo-a-la-campana\/","title":{"rendered":"#UnaDosisDeIdentidad: \u201cPacho\u201d Montoya Carlotto se sum\u00f3 a la campa\u00f1a"},"content":{"rendered":"<p>Tras vacunarse contra el COVID, el m\u00fasico emiti\u00f3 un mensaje para aquellos de \u201ccuarenti\u201d que tengan dudas sobre su identidad.\u00a0<!--more--><\/p>\n<hr \/>\n<p>Este martes,<strong> el m\u00fasico Ignacio Montoya Carlotto, se sum\u00f3 a la campa\u00f1a #UnaDosisDeIdentidad que aprovecha la campa\u00f1a de vacunaci\u00f3n para buscar nietos y nietas de desaparecidos en la \u00faltima dictadura c\u00edvico \u2013 militar.<\/strong><\/p>\n<p>&nbsp;<\/p>\n<p>Tras vacunarse contra el COVID, el m\u00fasico (quien fue el nieto recuperado 114) expres\u00f3:<strong><em> \u201cSi te est\u00e1s vacunando en estos d\u00edas, porque andes por los cuarenti&#8230; quiz\u00e1s pod\u00e9s ser uno de los nietos o nietas que buscamos\u201d.<\/em><\/strong><\/p>\n<p>&nbsp;<\/p>\n<blockquote class=\"twitter-tweet\">\n<p dir=\"ltr\" lang=\"es\">Si te est\u00e1s vacunando en estos d\u00edas, porque andes por los cuarenti&#8230; quiz\u00e1s pod\u00e9s ser uno de los nietos o nietas que buscamos.<br \/>\nSi ten\u00e9s dudas sobre tus or\u00edgenes biol\u00f3gicos, comunicate con <a href=\"https:\/\/twitter.com\/abuelasdifusion?ref_src=twsrc%5Etfw\">@abuelasdifusion<\/a> <a href=\"https:\/\/twitter.com\/hashtag\/UnaDosisDeIdentidad?src=hash&amp;ref_src=twsrc%5Etfw\">#UnaDosisDeIdentidad<\/a> <a href=\"https:\/\/t.co\/NyyFmHgkBd\">pic.twitter.com\/NyyFmHgkBd<\/a><\/p>\n<p>\u2014 Ignacio Montoya Carlotto (@montoyacarlotto) <a href=\"https:\/\/twitter.com\/montoyacarlotto\/status\/1409887096421158916?ref_src=twsrc%5Etfw\">June 29, 2021<\/a><\/p><\/blockquote>\n<p><script async src=\"https:\/\/platform.twitter.com\/widgets.js\" charset=\"utf-8\"><\/script><\/p>\n<p>&nbsp;<\/p>\n<p>Es por ello que <strong>aquellos o aquellas que tengan dudas sobre sus or\u00edgenes biol\u00f3gicos, podr\u00e1n comunicarse con Abuelas de Plaza de Mayo.<\/strong><\/p>\n<p>&nbsp;<\/p>\n<p>La organizaci\u00f3n encabezada por la abuela de Montoya Carlotto, Estela de Carlotto, lanz\u00f3 la campa\u00f1a &#8220;Una Dosis De Identidad&#8221; que <strong>convoca a postear en redes sociales fotos de personas que se hayan vacunado contra el coronavirus -en el rango etario de los 40 a\u00f1os- a fin de encontrar m\u00e1s nietos de detenidos desaparecidos durante la \u00faltima dictadura c\u00edvico militar.<\/strong><\/p>\n<p>&nbsp;<\/p>\n<blockquote class=\"twitter-tweet\">\n<p dir=\"ltr\" lang=\"es\">\ud83d\udc89Si te est\u00e1s vacunando en estos d\u00edas pod\u00e9s ser uno de los nietos o nietas que buscamos.<br \/>\nSi ten\u00e9s dudas, comunicate con <a href=\"https:\/\/t.co\/B0FiXVBNCt\">https:\/\/t.co\/B0FiXVBNCt<\/a><a href=\"https:\/\/twitter.com\/hashtag\/UnaDosisDeIdentidad?src=hash&amp;ref_src=twsrc%5Etfw\">#UnaDosisDeIdentidad<\/a> <a href=\"https:\/\/t.co\/KNOetrHXmc\">pic.twitter.com\/KNOetrHXmc<\/a><\/p>\n<p>\u2014 Abuelas Plaza Mayo (@abuelasdifusion) <a href=\"https:\/\/twitter.com\/abuelasdifusion\/status\/1408209676060200968?ref_src=twsrc%5Etfw\">June 24, 2021<\/a><\/p><\/blockquote>\n<p><script async src=\"https:\/\/platform.twitter.com\/widgets.js\" charset=\"utf-8\"><\/script><\/p>\n","protected":false},"excerpt":{"rendered":"<p>Tras vacunarse contra el COVID, el m\u00fasico emiti\u00f3 un mensaje para aquellos de \u201ccuarenti\u201d que tengan dudas sobre su identidad.\u00a0<\/p>\n","protected":false},"author":2,"featured_media":25244,"comment_status":"closed","ping_status":"closed","sticky":false,"template":"","format":"standard","meta":{"_jetpack_memberships_contains_paid_content":false,"footnotes":""},"categories":[16,1],"tags":[],"class_list":["post-25243","post","type-post","status-publish","format-standard","has-post-thumbnail","hentry","category-covid-19","category-portada"],"jetpack_featured_media_url":"https:\/\/i0.wp.com\/cdnoticias.com\/wp-content\/uploads\/2021\/06\/ignacio-montoya-carlotto-vacunado.jpg?fit=934%2C520&ssl=1","jetpack_sharing_enabled":true,"_links":{"self":[{"href":"https:\/\/cdnoticias.com\/index.php\/wp-json\/wp\/v2\/posts\/25243","targetHints":{"allow":["GET"]}}],"collection":[{"href":"https:\/\/cdnoticias.com\/index.php\/wp-json\/wp\/v2\/posts"}],"about":[{"href":"https:\/\/cdnoticias.com\/index.php\/wp-json\/wp\/v2\/types\/post"}],"author":[{"embeddable":true,"href":"https:\/\/cdnoticias.com\/index.php\/wp-json\/wp\/v2\/users\/2"}],"replies":[{"embeddable":true,"href":"https:\/\/cdnoticias.com\/index.php\/wp-json\/wp\/v2\/comments?post=25243"}],"version-history":[{"count":0,"href":"https:\/\/cdnoticias.com\/index.php\/wp-json\/wp\/v2\/posts\/25243\/revisions"}],"wp:featuredmedia":[{"embeddable":true,"href":"https:\/\/cdnoticias.com\/index.php\/wp-json\/wp\/v2\/media\/25244"}],"wp:attachment":[{"href":"https:\/\/cdnoticias.com\/index.php\/wp-json\/wp\/v2\/media?parent=25243"}],"wp:term":[{"taxonomy":"category","embeddable":true,"href":"https:\/\/cdnoticias.com\/index.php\/wp-json\/wp\/v2\/categories?post=25243"},{"taxonomy":"post_tag","embeddable":true,"href":"https:\/\/cdnoticias.com\/index.php\/wp-json\/wp\/v2\/tags?post=25243"}],"curies":[{"name":"wp","href":"https:\/\/api.w.org\/{rel}","templated":true}]}}