{"id":25232,"date":"2021-06-29T12:02:19","date_gmt":"2021-06-29T15:02:19","guid":{"rendered":"http:\/\/www.centraldenoticias.com.ar\/?p=25232"},"modified":"2021-06-29T12:46:25","modified_gmt":"2021-06-29T15:46:25","slug":"olavarria-sigue-en-fase-4-y-comparte-ubicacion-con-otros-cinco-distritos","status":"publish","type":"post","link":"https:\/\/cdnoticias.com\/index.php\/2021\/06\/29\/olavarria-sigue-en-fase-4-y-comparte-ubicacion-con-otros-cinco-distritos\/","title":{"rendered":"Olavarr\u00eda sigue en fase 4 y comparte ubicaci\u00f3n con otros cinco distritos"},"content":{"rendered":"<p>Los cambios en el sistema de fases bonaerense reflejan la ca\u00edda de casos de Covid de la \u00faltima semana. Prevenci\u00f3n de la variante Delta: aislamiento en hotel para los que llegan desde el exterior.<!--more--><\/p>\n<hr \/>\n<p><strong>Este martes las autoridades bonaerenses brindaron la habitual conferencia sobre la situaci\u00f3n sanitaria<\/strong>. En esta ocasi\u00f3n estuvieron <a href=\"https:\/\/cdnoticias.com\/index.php\/2021\/06\/29\/se-abre-la-vacunacion-libre-de-primeras-dosis-para-todos-los-grupos-de-riesgo\/\" target=\"_blank\" rel=\"noopener\">el gobernador Axel Kicillof<\/a>, el jefe de Gabinete, Carlos Bianco, y <a href=\"https:\/\/cdnoticias.com\/index.php\/2021\/06\/29\/un-estudio-bonaerense-destaca-alta-proteccion-de-la-primera-dosis-de-la-vacuna-astrazeneca\/\" target=\"_blank\" rel=\"noopener\">el viceministro de Salud, Nicolas Kreplak<\/a>. <strong>Adem\u00e1s de informar los cambios de fases, se anunciaron cambios en la recepci\u00f3n de viajeros desde el exterior: estar\u00e1n obligados a aislarse en un hotel<\/strong>.<\/p>\n<p>&nbsp;<\/p>\n<p>En el apartado sobre la actualidad de las fases, <strong>se registr\u00f3 una mejora con la reducci\u00f3n de la cantidad de distritos en la fase de \u201calarma epidemiol\u00f3gica\u201d<\/strong>, <a href=\"https:\/\/cdnoticias.com\/index.php\/2021\/06\/28\/provincia-los-casos-de-covid-siguen-en-baja-pero-hay-una-senal-de-alerta\/\" target=\"_blank\" rel=\"noopener\">vinculada a la ca\u00edda semanal de casos tal como lo indic\u00f3 el jefe de Gabinete<\/a>.<\/p>\n<p>&nbsp;<\/p>\n<blockquote><p>Desde este martes, se cuentan 43 municipios en fase 2 (la semana anterior eran 59), 86 municipios en fase 3 (la semana pasada hab\u00eda 73) y 6 distritos en fase 4 (la semana previa eran 3). Uno de los que permanece en la fase m\u00e1s permisiva es Olavarr\u00eda que se mantiene desde el 9 de junio.<\/p><\/blockquote>\n<p>&nbsp;<\/p>\n<p><img data-recalc-dims=\"1\" loading=\"lazy\" decoding=\"async\" class=\"size-full wp-image-25235 aligncenter\" src=\"https:\/\/i0.wp.com\/cdnoticias.com\/wp-content\/uploads\/2021\/06\/conferencia-fases-01.jpg?resize=800%2C445&#038;ssl=1\" alt=\"\" width=\"800\" height=\"445\" srcset=\"https:\/\/i0.wp.com\/cdnoticias.com\/wp-content\/uploads\/2021\/06\/conferencia-fases-01.jpg?w=800&amp;ssl=1 800w, https:\/\/i0.wp.com\/cdnoticias.com\/wp-content\/uploads\/2021\/06\/conferencia-fases-01.jpg?resize=300%2C167&amp;ssl=1 300w, https:\/\/i0.wp.com\/cdnoticias.com\/wp-content\/uploads\/2021\/06\/conferencia-fases-01.jpg?resize=768%2C427&amp;ssl=1 768w\" sizes=\"auto, (max-width: 800px) 100vw, 800px\" \/><\/p>\n<p>&nbsp;<\/p>\n<p>En referencia a la reducci\u00f3n de casos, y tal como lo hab\u00eda adelantado en la noche del domingo, Bianco apunt\u00f3 a que los cambios de fases se dieron ya que<strong> \u201cla incidencia se ha reducido lo suficiente como para que varios distritos pasen de fase 2 a fase 3\u201d<\/strong>.<\/p>\n<p>&nbsp;<\/p>\n<p><strong>\u201cSon 16 nuevos distritos, es un logro y se agradece por el esfuerzo tremendo que hacen los vecinos y vecinas de esos municipios\u201d<\/strong> destac\u00f3. Entre ellos se cuentan <strong>25 de Mayo y Azul<\/strong>. Reiter\u00f3 que para que el cambio se haga efectivo se \u201ccumplieron los indicadores objetivos\u201d: tasa de incidencia menor a 500 casos cada 100.000 habitantes en los \u00faltimos 14 d\u00edas y ocupaci\u00f3n de Terapia Intensiva menor a 80%.<\/p>\n<p>&nbsp;<\/p>\n<p>En tanto, el municipio de Tordillo fue el \u00fanico que <strong>sali\u00f3 de fase 4 para pasar a fase 3<\/strong>.<\/p>\n<p>&nbsp;<\/p>\n<p>Otros <strong>cuatro municipios se adelantaron a la fase 4<\/strong>: Gonzales Chaves, Baradero, Col\u00f3n y Coronel Rosales.<\/p>\n<p>&nbsp;<\/p>\n<p><img data-recalc-dims=\"1\" loading=\"lazy\" decoding=\"async\" class=\"size-full wp-image-25236 aligncenter\" src=\"https:\/\/i0.wp.com\/cdnoticias.com\/wp-content\/uploads\/2021\/06\/conferencia-fases-02.jpg?resize=800%2C445&#038;ssl=1\" alt=\"\" width=\"800\" height=\"445\" srcset=\"https:\/\/i0.wp.com\/cdnoticias.com\/wp-content\/uploads\/2021\/06\/conferencia-fases-02.jpg?w=800&amp;ssl=1 800w, https:\/\/i0.wp.com\/cdnoticias.com\/wp-content\/uploads\/2021\/06\/conferencia-fases-02.jpg?resize=300%2C167&amp;ssl=1 300w, https:\/\/i0.wp.com\/cdnoticias.com\/wp-content\/uploads\/2021\/06\/conferencia-fases-02.jpg?resize=768%2C427&amp;ssl=1 768w\" sizes=\"auto, (max-width: 800px) 100vw, 800px\" \/><\/p>\n<p>&nbsp;<\/p>\n<p><strong>Recepci\u00f3n de viajeros desde el exterior<\/strong><\/p>\n<p>&nbsp;<\/p>\n<p>Carlos Bianco tambi\u00e9n hizo un anuncio vinculado al cupo de ingresantes desde el exterior, medida con la que se busca evitar y retrasar el ingreso de la variante Delta del virus al pa\u00eds. Tal como lo estableci\u00f3 Naci\u00f3n,<strong> se permitir\u00e1n 600 ingresos por d\u00eda de los cuales 270 podr\u00e1n ser bonaerenses<\/strong>.<\/p>\n<p>&nbsp;<\/p>\n<p><strong>\u201cLa provincia de Buenos Aires explica un 45% de los viajantes que regresan al pa\u00eds\u201d<\/strong> se\u00f1al\u00f3 para exponer que se dispusieron siete d\u00edas de aislamiento obligatorio para todos los ingresantes y que se implementar\u00e1n medidas para esa etapa.<\/p>\n<p>&nbsp;<\/p>\n<p><img data-recalc-dims=\"1\" loading=\"lazy\" decoding=\"async\" class=\"size-full wp-image-25237 aligncenter\" src=\"https:\/\/i0.wp.com\/cdnoticias.com\/wp-content\/uploads\/2021\/06\/conferencia-bianco-00.jpg?resize=800%2C446&#038;ssl=1\" alt=\"\" width=\"800\" height=\"446\" srcset=\"https:\/\/i0.wp.com\/cdnoticias.com\/wp-content\/uploads\/2021\/06\/conferencia-bianco-00.jpg?w=800&amp;ssl=1 800w, https:\/\/i0.wp.com\/cdnoticias.com\/wp-content\/uploads\/2021\/06\/conferencia-bianco-00.jpg?resize=300%2C167&amp;ssl=1 300w, https:\/\/i0.wp.com\/cdnoticias.com\/wp-content\/uploads\/2021\/06\/conferencia-bianco-00.jpg?resize=768%2C428&amp;ssl=1 768w\" sizes=\"auto, (max-width: 800px) 100vw, 800px\" \/><\/p>\n<p>&nbsp;<\/p>\n<blockquote><p>\u201cSe van a tener que aislar cuatro d\u00edas en hoteles que vamos a poner a disposici\u00f3n, a costo de aquellas personas que regresan del exterior\u201d adelant\u00f3 sobre la medida que regir\u00e1 desde el jueves 1\u00b0 de julio y cuyos detalles legales a\u00fan se analizan. Los restantes tres d\u00edas se cumplir\u00e1n en el domicilio de cada viajante.<\/p><\/blockquote>\n<p>&nbsp;<\/p>\n<p>El Estado provincial <strong>requerir\u00e1 adem\u00e1s a cada viajero que firme una declaraci\u00f3n jurada espec\u00edfica<\/strong> por este tema y, en caso de que se demuestre incumplimiento, se aplicar\u00e1 el decreto 1\/2021 que fija <strong>multas de hasta 4,3 millones de pesos<\/strong> para las infracciones a la prevenci\u00f3n del Covid.<\/p>\n<p>&nbsp;<\/p>\n<p><strong>Retrasar el ingreso de la variante m\u00e1s contagiosa<\/strong><\/p>\n<p>&nbsp;<\/p>\n<p>Axel Kicillof, remarc\u00f3 <strong>la necesidad de \u201cretrasar\u201d lo m\u00e1s posible el ingreso de la variante Delta de coronavirus al pa\u00eds<\/strong>, para que \u201cel esfuerzo\u201d que se est\u00e1 haciendo \u201cno vuele por los aires\u201d.<\/p>\n<p>&nbsp;<\/p>\n<blockquote><p>\u201cSe trata de una cuesti\u00f3n solidaria. Son medidas de cuidado y prevenci\u00f3n\u201d, dijo Kicillof al defender la medida de restringir a 600 personas el ingreso de argentinos que provienen del exterior y rechaz\u00f3 las cr\u00edticas en ese sentido de \u201clos que militan los contagios y la falta de cuidado, y luego se rasgan las vestiduras\u201d ante el aumento de los casos.<\/p><\/blockquote>\n<p>&nbsp;<\/p>\n<p><img data-recalc-dims=\"1\" loading=\"lazy\" decoding=\"async\" class=\"size-full wp-image-25238 aligncenter\" src=\"https:\/\/i0.wp.com\/cdnoticias.com\/wp-content\/uploads\/2021\/06\/conferencia-axel-kicillof-00.jpg?resize=800%2C446&#038;ssl=1\" alt=\"\" width=\"800\" height=\"446\" srcset=\"https:\/\/i0.wp.com\/cdnoticias.com\/wp-content\/uploads\/2021\/06\/conferencia-axel-kicillof-00.jpg?w=800&amp;ssl=1 800w, https:\/\/i0.wp.com\/cdnoticias.com\/wp-content\/uploads\/2021\/06\/conferencia-axel-kicillof-00.jpg?resize=300%2C167&amp;ssl=1 300w, https:\/\/i0.wp.com\/cdnoticias.com\/wp-content\/uploads\/2021\/06\/conferencia-axel-kicillof-00.jpg?resize=768%2C428&amp;ssl=1 768w\" sizes=\"auto, (max-width: 800px) 100vw, 800px\" \/><\/p>\n<p>&nbsp;<\/p>\n<p>Por su parte, <strong>el viceministro Nicol\u00e1s Kreplak advirti\u00f3 que el 33% de los bonaerenses que regresaron al pa\u00eds del exterior en las \u00faltimas semanas \u201cno cumplieron con el aislamiento obligatorio\u201d<\/strong> exigido, algo que consider\u00f3 \u201cgrav\u00edsimo\u201d y exhort\u00f3 a tener \u201cconciencia social\u201d ante la preocupaci\u00f3n por el posible ingreso de nuevas variantes de coronavirus.<\/p>\n<p>&nbsp;<\/p>\n<p>\u201cComenzamos en las \u00faltimas semanas a hacer el seguimiento en el territorio de los bonaerenses que ingresaron del exterior y fuimos a buscar esas personas a su domicilio.<strong> De 314 casos, 104 estaban ausentes, lo que representa el 33 por ciento<\/strong>\u201d, agreg\u00f3 Bianco en la rueda de prensa en La Plata.<\/p>\n<p>&nbsp;<\/p>\n<p>En ese marco, consider\u00f3 que <strong>esa situaci\u00f3n es \u201cgrav\u00edsima\u201d<\/strong> y agreg\u00f3: \u201cNo podemos poner un polic\u00eda en la puerta de cada una de las personas\u201d, por lo que llam\u00f3 a la \u201creflexi\u00f3n de la sociedad y a tener conciencia social\u201d.<\/p>\n","protected":false},"excerpt":{"rendered":"<p>Los cambios en el sistema de fases bonaerense reflejan la ca\u00edda de casos de Covid de la \u00faltima semana. Prevenci\u00f3n<\/p>\n","protected":false},"author":4,"featured_media":25234,"comment_status":"closed","ping_status":"closed","sticky":false,"template":"","format":"standard","meta":{"_jetpack_memberships_contains_paid_content":false,"footnotes":""},"categories":[5,1],"tags":[],"class_list":["post-25232","post","type-post","status-publish","format-standard","has-post-thumbnail","hentry","category-informacion-general","category-portada"],"jetpack_featured_media_url":"https:\/\/i0.wp.com\/cdnoticias.com\/wp-content\/uploads\/2021\/06\/conferencia-fases-00.jpg?fit=800%2C445&ssl=1","jetpack_sharing_enabled":true,"_links":{"self":[{"href":"https:\/\/cdnoticias.com\/index.php\/wp-json\/wp\/v2\/posts\/25232","targetHints":{"allow":["GET"]}}],"collection":[{"href":"https:\/\/cdnoticias.com\/index.php\/wp-json\/wp\/v2\/posts"}],"about":[{"href":"https:\/\/cdnoticias.com\/index.php\/wp-json\/wp\/v2\/types\/post"}],"author":[{"embeddable":true,"href":"https:\/\/cdnoticias.com\/index.php\/wp-json\/wp\/v2\/users\/4"}],"replies":[{"embeddable":true,"href":"https:\/\/cdnoticias.com\/index.php\/wp-json\/wp\/v2\/comments?post=25232"}],"version-history":[{"count":0,"href":"https:\/\/cdnoticias.com\/index.php\/wp-json\/wp\/v2\/posts\/25232\/revisions"}],"wp:featuredmedia":[{"embeddable":true,"href":"https:\/\/cdnoticias.com\/index.php\/wp-json\/wp\/v2\/media\/25234"}],"wp:attachment":[{"href":"https:\/\/cdnoticias.com\/index.php\/wp-json\/wp\/v2\/media?parent=25232"}],"wp:term":[{"taxonomy":"category","embeddable":true,"href":"https:\/\/cdnoticias.com\/index.php\/wp-json\/wp\/v2\/categories?post=25232"},{"taxonomy":"post_tag","embeddable":true,"href":"https:\/\/cdnoticias.com\/index.php\/wp-json\/wp\/v2\/tags?post=25232"}],"curies":[{"name":"wp","href":"https:\/\/api.w.org\/{rel}","templated":true}]}}