{"id":2523,"date":"2020-09-26T16:13:51","date_gmt":"2020-09-26T19:13:51","guid":{"rendered":"http:\/\/www.centraldenoticias.com.ar\/?p=2523"},"modified":"2020-09-26T16:13:51","modified_gmt":"2020-09-26T19:13:51","slug":"elsa-ester-aprile-de-martin-q-e-p-d","status":"publish","type":"post","link":"https:\/\/cdnoticias.com\/index.php\/2020\/09\/26\/elsa-ester-aprile-de-martin-q-e-p-d\/","title":{"rendered":"Elsa Ester Aprile de Martin (Q.E.P.D.)"},"content":{"rendered":"<p>Falleci\u00f3 en Olavarr\u00eda el d\u00eda 26 de septiembre de 2020 a los 70 a\u00f1os de edad. Su esposo Juan Carlos Martin, sus hijos Yesica Soledad y Dami\u00e1n Alfredo Martin, su hijo pol\u00edtico Cesar Mat\u00edas Liceaga, sus nietos<br \/>\nLuana, Lorenzo y Tiziano, sus hermanos Susana, Mirta, Rosa y Carlos Aprile, sus sobrinos, vecinos y dem\u00e1s deudos participan su fallecimiento.<\/p>\n<p>&nbsp;<\/p>\n<p>No se realiza velatorio ni responso, sus restos ser\u00e1n inhumados este domingo desde las 10.30 en el cementerio Loma de Paz. Nacida en Tapalqu\u00e9, vecina del barrio Provincias Unidas.<\/p>\n","protected":false},"excerpt":{"rendered":"<p>Falleci\u00f3 en Olavarr\u00eda el d\u00eda 26 de septiembre de 2020 a los 70 a\u00f1os de edad. Su esposo Juan Carlos<\/p>\n","protected":false},"author":3,"featured_media":0,"comment_status":"closed","ping_status":"closed","sticky":false,"template":"","format":"standard","meta":{"_jetpack_memberships_contains_paid_content":false,"footnotes":""},"categories":[10],"tags":[],"class_list":["post-2523","post","type-post","status-publish","format-standard","hentry","category-necrologicas"],"jetpack_featured_media_url":"","jetpack_sharing_enabled":true,"_links":{"self":[{"href":"https:\/\/cdnoticias.com\/index.php\/wp-json\/wp\/v2\/posts\/2523","targetHints":{"allow":["GET"]}}],"collection":[{"href":"https:\/\/cdnoticias.com\/index.php\/wp-json\/wp\/v2\/posts"}],"about":[{"href":"https:\/\/cdnoticias.com\/index.php\/wp-json\/wp\/v2\/types\/post"}],"author":[{"embeddable":true,"href":"https:\/\/cdnoticias.com\/index.php\/wp-json\/wp\/v2\/users\/3"}],"replies":[{"embeddable":true,"href":"https:\/\/cdnoticias.com\/index.php\/wp-json\/wp\/v2\/comments?post=2523"}],"version-history":[{"count":0,"href":"https:\/\/cdnoticias.com\/index.php\/wp-json\/wp\/v2\/posts\/2523\/revisions"}],"wp:attachment":[{"href":"https:\/\/cdnoticias.com\/index.php\/wp-json\/wp\/v2\/media?parent=2523"}],"wp:term":[{"taxonomy":"category","embeddable":true,"href":"https:\/\/cdnoticias.com\/index.php\/wp-json\/wp\/v2\/categories?post=2523"},{"taxonomy":"post_tag","embeddable":true,"href":"https:\/\/cdnoticias.com\/index.php\/wp-json\/wp\/v2\/tags?post=2523"}],"curies":[{"name":"wp","href":"https:\/\/api.w.org\/{rel}","templated":true}]}}