{"id":25225,"date":"2021-06-29T10:56:19","date_gmt":"2021-06-29T13:56:19","guid":{"rendered":"http:\/\/www.centraldenoticias.com.ar\/?p=25225"},"modified":"2021-06-29T10:56:19","modified_gmt":"2021-06-29T13:56:19","slug":"un-estudio-bonaerense-destaca-alta-proteccion-de-la-primera-dosis-de-la-vacuna-astrazeneca","status":"publish","type":"post","link":"https:\/\/cdnoticias.com\/index.php\/2021\/06\/29\/un-estudio-bonaerense-destaca-alta-proteccion-de-la-primera-dosis-de-la-vacuna-astrazeneca\/","title":{"rendered":"Un estudio bonaerense destaca \u201calta protecci\u00f3n\u201d de la primera dosis de la vacuna AstraZeneca"},"content":{"rendered":"<p>Se hizo en base al an\u00e1lisis de datos obtenidos de VacunatePBA, el Sistema Nacional de Vigilancia en Salud (SNVS) y el sistema de gesti\u00f3n de camas (SGC).\u00a0\u201cEs una eficacia alt\u00edsima&#8221; defini\u00f3 el viceministro de Salud, Nicol\u00e1s Kreplak.<!--more--><\/p>\n<hr \/>\n<p><strong>Un estudio realizado por el Ministerio de Salud bonaerense determin\u00f3 que la primera dosis de la vacuna AstraZeneca \u201cotorga una alta protecci\u00f3n contra las infecciones por SARS-CoV2\u201d entre la poblaci\u00f3n de entre 60 y 79 a\u00f1os<\/strong>.<\/p>\n<p>&nbsp;<\/p>\n<blockquote><p>Seg\u00fan se indic\u00f3 en el trabajo que dio a conocer este martes la cartera sanitaria, \u201cpara la prevenci\u00f3n de casos confirmados la efectividad fue del 86%, para internaciones del 95% y para muertes del 96%\u201d.<\/p><\/blockquote>\n<p>&nbsp;<\/p>\n<p>\u201cEs un trabajo que realizamos desde el Ministerio de Salud de la provincia de Buenos Aires\u201d indic\u00f3 el <strong>viceministro Nicol\u00e1s Kreplak<\/strong> en la <a href=\"https:\/\/cdnoticias.com\/index.php\/2021\/06\/29\/se-abre-la-vacunacion-libre-de-primeras-dosis-para-todos-los-grupos-de-riesgo\/\" target=\"_blank\" rel=\"noopener\">conferencia de prensa sobre la situaci\u00f3n sanitaria en la que tambi\u00e9n estuvo el gobernador Axel Kicillof<\/a>.\u00a0Record\u00f3 que ya se realiz\u00f3 <a href=\"https:\/\/cdnoticias.com\/index.php\/2021\/06\/24\/la-provincia-presento-un-estudio-sobre-la-seguridad-de-la-vacuna-sputnik-v\/\" target=\"_blank\" rel=\"noopener\">un estudio similar sobre la vacuna Sputnik<\/a>.<\/p>\n<p>&nbsp;<\/p>\n<p><img data-recalc-dims=\"1\" loading=\"lazy\" decoding=\"async\" class=\"size-full wp-image-25226 aligncenter\" src=\"https:\/\/i0.wp.com\/cdnoticias.com\/wp-content\/uploads\/2021\/06\/conferencia-casos-04.jpg?resize=800%2C445&#038;ssl=1\" alt=\"\" width=\"800\" height=\"445\" srcset=\"https:\/\/i0.wp.com\/cdnoticias.com\/wp-content\/uploads\/2021\/06\/conferencia-casos-04.jpg?w=800&amp;ssl=1 800w, https:\/\/i0.wp.com\/cdnoticias.com\/wp-content\/uploads\/2021\/06\/conferencia-casos-04.jpg?resize=300%2C167&amp;ssl=1 300w, https:\/\/i0.wp.com\/cdnoticias.com\/wp-content\/uploads\/2021\/06\/conferencia-casos-04.jpg?resize=768%2C427&amp;ssl=1 768w\" sizes=\"auto, (max-width: 800px) 100vw, 800px\" \/><\/p>\n<p>&nbsp;<\/p>\n<blockquote><p>Destac\u00f3 que \u201cencontramos resultados entusiasmadoramente buenos\u201d al tiempo que explicit\u00f3 los resultados y enfatiz\u00f3 \u201ces una eficacia alt\u00edsima, observamos un mejor desempe\u00f1o que los publicados en los estudios de fase 3\u201d.<\/p><\/blockquote>\n<p>&nbsp;<\/p>\n<p>Desde el Ministerio que conduce Daniel Gollan se destac\u00f3 que los resultados <strong>\u201cincorporan evidencia a la implementaci\u00f3n de la estrategia de retrasar la segunda dosis en pa\u00edses que enfrentan escasez de vacunas\u201d.<\/strong><\/p>\n<p>&nbsp;<\/p>\n<p><strong>El estudio se hizo en base al an\u00e1lisis de datos obtenidos de VacunatePBA, el Sistema Nacional de Vigilancia en Salud (SNVS) y el sistema de gesti\u00f3n de camas (SGC) e incluy\u00f3 a 4.497.397 personas<\/strong>, de las cuales <strong>49.065 ten\u00edan entre 60 y 79 a\u00f1os<\/strong>, eran residentes en el \u00c1rea Metropolitana de Buenos Aires (AMBA) y cumpl\u00edan con los requisitos de haber recibido s\u00f3lo una dosis de la vacuna previamente al 31 de marzo y no haber recibido la segunda dosis hasta el 1 de mayo; y no haber sido previamente diagnosticados para Covid-19.<\/p>\n<p>&nbsp;<\/p>\n<p>En el informe se especific\u00f3 que \u201cuna vez seleccionado este grupo, denominado \u2018Vacunados\u2019, se procedi\u00f3 a realizar una b\u00fasqueda para identificar a los no-vacunados con caracter\u00edsticas similares de edad, g\u00e9nero, presencia de comorbilidades y regi\u00f3n, no habiendo recibido los mismos ninguna vacuna hasta el 1 de mayo\u201d.<\/p>\n<p>&nbsp;<\/p>\n<p><img data-recalc-dims=\"1\" loading=\"lazy\" decoding=\"async\" class=\"size-large wp-image-24912 aligncenter\" src=\"https:\/\/i0.wp.com\/cdnoticias.com\/wp-content\/uploads\/2021\/06\/WhatsApp-Image-2021-06-24-at-19.56.03.jpeg?resize=800%2C491&#038;ssl=1\" alt=\"\" width=\"800\" height=\"491\" srcset=\"https:\/\/i0.wp.com\/cdnoticias.com\/wp-content\/uploads\/2021\/06\/WhatsApp-Image-2021-06-24-at-19.56.03.jpeg?resize=1024%2C628&amp;ssl=1 1024w, https:\/\/i0.wp.com\/cdnoticias.com\/wp-content\/uploads\/2021\/06\/WhatsApp-Image-2021-06-24-at-19.56.03.jpeg?resize=300%2C184&amp;ssl=1 300w, https:\/\/i0.wp.com\/cdnoticias.com\/wp-content\/uploads\/2021\/06\/WhatsApp-Image-2021-06-24-at-19.56.03.jpeg?resize=768%2C471&amp;ssl=1 768w, https:\/\/i0.wp.com\/cdnoticias.com\/wp-content\/uploads\/2021\/06\/WhatsApp-Image-2021-06-24-at-19.56.03.jpeg?w=1280&amp;ssl=1 1280w\" sizes=\"auto, (max-width: 800px) 100vw, 800px\" \/><\/p>\n<p>&nbsp;<\/p>\n<p>Se apunt\u00f3 que entre los 21 y 40 d\u00edas luego de aplicada la primera dosis de AstraZeneca se obtuvo el n\u00famero de casos confirmados por PCR+ o test de ant\u00edgeno para SARS-Cov2, internados y muertos por Covid-19.<\/p>\n<p>&nbsp;<\/p>\n<p>De esta manera, para el grupo de vacunados la proporci\u00f3n de casos confirmados fue del 0,304% (149), de internados 0,016% (8) y de muertes 0,012% (6).<\/p>\n<p>&nbsp;<\/p>\n<p>En cambio, para el grupo de no vacunados fue del 2,069% (1.009) en casos confirmados, 0,299% (146) en internaciones y 0,334% (163) en muertes, demostrando una incidencia superior en todos los eventos.<\/p>\n<p>&nbsp;<\/p>\n<blockquote><p>\u201cPara la prevenci\u00f3n de casos confirmados la efectividad fue del 86%, para internaciones del 95% y para muertes del 96%\u201d, se se\u00f1al\u00f3.<\/p><\/blockquote>\n<p>&nbsp;<\/p>\n<p>Entre las conclusiones del trabajo, se puso de relieve que<strong> la investigaci\u00f3n \u201cmuestra el efecto en la vida real de la primera dosis de la vacuna AZ<\/strong>, indicando que una dosis otorga una <strong>alta protecci\u00f3n contra las infecciones por SARS-CoV2<\/strong> confirmadas por laboratorio, hospitalizaciones y muertes por COVID-19 en la poblaci\u00f3n vacunada entre 60 y 79 a\u00f1os\u201d.<\/p>\n<p>&nbsp;<\/p>\n<p>\u201cEste efecto fue similar, sin diferencias significativas, en todos los subgrupos de edad y seg\u00fan presencia o no de comorbilidades\u201d, se agreg\u00f3 desde Salud.<\/p>\n<p>&nbsp;<\/p>\n<p>Se sostuvo adem\u00e1s que los datos \u201cincorporan evidencia a la implementaci\u00f3n de la estrategia de retrasar la segunda dosis en pa\u00edses que enfrentan escasez de vacunas\u201d.<\/p>\n<p>&nbsp;<\/p>\n<p>\u201cLa estrategia aporta una mayor cobertura permitiendo llegar a una mayor parte de la poblaci\u00f3n vacunada con una sola dosis\u201d, concluyeron desde el Ministerio de Salud.<\/p>\n<p>&nbsp;<\/p>\n<p>Fuente: <em>Agencia DIB<\/em><\/p>\n","protected":false},"excerpt":{"rendered":"<p>Se hizo en base al an\u00e1lisis de datos obtenidos de VacunatePBA, el Sistema Nacional de Vigilancia en Salud (SNVS) y<\/p>\n","protected":false},"author":4,"featured_media":25227,"comment_status":"closed","ping_status":"closed","sticky":false,"template":"","format":"standard","meta":{"_jetpack_memberships_contains_paid_content":false,"footnotes":""},"categories":[6,1],"tags":[],"class_list":["post-25225","post","type-post","status-publish","format-standard","has-post-thumbnail","hentry","category-nacionales","category-portada"],"jetpack_featured_media_url":"https:\/\/i0.wp.com\/cdnoticias.com\/wp-content\/uploads\/2021\/06\/conferencia-kreplak-00.jpg?fit=800%2C445&ssl=1","jetpack_sharing_enabled":true,"_links":{"self":[{"href":"https:\/\/cdnoticias.com\/index.php\/wp-json\/wp\/v2\/posts\/25225","targetHints":{"allow":["GET"]}}],"collection":[{"href":"https:\/\/cdnoticias.com\/index.php\/wp-json\/wp\/v2\/posts"}],"about":[{"href":"https:\/\/cdnoticias.com\/index.php\/wp-json\/wp\/v2\/types\/post"}],"author":[{"embeddable":true,"href":"https:\/\/cdnoticias.com\/index.php\/wp-json\/wp\/v2\/users\/4"}],"replies":[{"embeddable":true,"href":"https:\/\/cdnoticias.com\/index.php\/wp-json\/wp\/v2\/comments?post=25225"}],"version-history":[{"count":0,"href":"https:\/\/cdnoticias.com\/index.php\/wp-json\/wp\/v2\/posts\/25225\/revisions"}],"wp:featuredmedia":[{"embeddable":true,"href":"https:\/\/cdnoticias.com\/index.php\/wp-json\/wp\/v2\/media\/25227"}],"wp:attachment":[{"href":"https:\/\/cdnoticias.com\/index.php\/wp-json\/wp\/v2\/media?parent=25225"}],"wp:term":[{"taxonomy":"category","embeddable":true,"href":"https:\/\/cdnoticias.com\/index.php\/wp-json\/wp\/v2\/categories?post=25225"},{"taxonomy":"post_tag","embeddable":true,"href":"https:\/\/cdnoticias.com\/index.php\/wp-json\/wp\/v2\/tags?post=25225"}],"curies":[{"name":"wp","href":"https:\/\/api.w.org\/{rel}","templated":true}]}}