{"id":25209,"date":"2021-06-29T09:04:18","date_gmt":"2021-06-29T12:04:18","guid":{"rendered":"http:\/\/www.centraldenoticias.com.ar\/?p=25209"},"modified":"2021-06-29T10:24:56","modified_gmt":"2021-06-29T13:24:56","slug":"suba-de-peajes-desde-este-martes-en-hinojo-costara-88-pesos","status":"publish","type":"post","link":"https:\/\/cdnoticias.com\/index.php\/2021\/06\/29\/suba-de-peajes-desde-este-martes-en-hinojo-costara-88-pesos\/","title":{"rendered":"Suba de peajes: desde este jueves en Hinojo costar\u00e1 88 pesos"},"content":{"rendered":"<p>La suba es de 10% en todos los corredores viales nacionales. Las tarifas estuvieron congeladas desde marzo de 2019. El cuadro tarifario comenzar\u00e1 a regir a partir del 1\u00b0 de julio.<!--more--><\/p>\n<hr \/>\n<p><strong>La Direcci\u00f3n Nacional de Vialidad dispuso un aumento del 9,9% en los peajes de todos los corredores viales de jurisdicci\u00f3n nacional<\/strong>.<\/p>\n<p>&nbsp;<\/p>\n<p>Las nuevas subas quedaron plasmadas por medio de las Resoluciones 942\/2021; 943\/2021 y 944\/2021 publicadas este martes en el Bolet\u00edn Oficial <strong>entrar\u00e1n en vigencia el 1\u00b0 de julio<\/strong> luego de que los nuevos cuadros tarifarios hayan sido publicados &#8220;durante dos d\u00edas corridos en por lo menos dos de los principales medios period\u00edsticos de la zona de influencia&#8221;.<\/p>\n<p>&nbsp;<\/p>\n<blockquote><p>De esta manera, en el peaje de Hinojo de la ruta nacional 226 la suba dejar\u00e1 la tarifa en 88 pesos para los usuarios en veh\u00edculos de menor porte. Las restantes categor\u00edas pasar\u00e1n a pagar 126 pesos de categor\u00eda 2, 143 pesos la 3, 192 pesos la 4 y 236 pesos la categor\u00eda 5.<\/p><\/blockquote>\n<p>&nbsp;<\/p>\n<p><strong>Se trata del primer aumento desde marzo de 2019 tras lo cual las tarifas estuvieron congeladas<\/strong> y durante gran parte del tiempo (entre el 20 de marzo y el 18 de mayo) en que dur\u00f3 el Aislamiento Social, Preventivo y Obligatorio (ASPO) dispuesto por el gobierno de Alberto Fern\u00e1ndez en el marco de la lucha contra la pandemia de coronavirus Covid-19 no se cobr\u00f3 el peaje para incentivar el uso del auto en detrimento del transporte p\u00fablico s\u00f3lo reservado para trabajadores esenciales.<\/p>\n<p>&nbsp;<\/p>\n<p><img data-recalc-dims=\"1\" loading=\"lazy\" decoding=\"async\" class=\"size-full wp-image-25210 aligncenter\" src=\"https:\/\/i0.wp.com\/cdnoticias.com\/wp-content\/uploads\/2021\/06\/peajes-tarifa-650x404.jpg?resize=650%2C404&#038;ssl=1\" alt=\"\" width=\"650\" height=\"404\" srcset=\"https:\/\/i0.wp.com\/cdnoticias.com\/wp-content\/uploads\/2021\/06\/peajes-tarifa-650x404.jpg?resize=650%2C404&amp;ssl=1 650w, https:\/\/i0.wp.com\/cdnoticias.com\/wp-content\/uploads\/2021\/06\/peajes-tarifa-650x404.jpg?resize=300%2C186&amp;ssl=1 300w\" sizes=\"auto, (max-width: 650px) 100vw, 650px\" \/><\/p>\n<p>&nbsp;<\/p>\n<p>Entre sus considerandos de las resoluciones publicadas este martes se indica que <strong>&#8220;se ha producido una variaci\u00f3n significativa de los precios de ciertos componentes<\/strong> principales de los rubros de explotaci\u00f3n, conservaci\u00f3n y mantenimiento y servicios de apoyo, que inciden en el nivel de prestaci\u00f3n de los servicios y en el mantenimiento de las concesiones, que de no equilibrarse con ajustes de la tarifa, podr\u00edan tener impacto en la calidad de las prestaciones que realiza la empresa Concesionaria&#8221;.<\/p>\n<p>&nbsp;<\/p>\n<p>Y recuerdan que &#8220;la \u00faltima actualizaci\u00f3n tarifaria de las concesiones referidas aplicada al p\u00fablico fue entre enero y marzo de 2019, que<strong> los porcentajes de incremento aplicados a los cuadros de tarifas propuestos, resultan inferiores a las variaciones del \u00edndice de precios (IPC) acumulados hasta febrero de 2021<\/strong>, computado desde marzo de 2019&#8243;.<\/p>\n<p>&nbsp;<\/p>\n<p><strong>Las tarifas en el corredor vial de la ruta nacional 226 desde este jueves<\/strong>:<\/p>\n<p>&nbsp;<\/p>\n<p><img data-recalc-dims=\"1\" loading=\"lazy\" decoding=\"async\" class=\"size-full wp-image-25212 aligncenter\" src=\"https:\/\/i0.wp.com\/cdnoticias.com\/wp-content\/uploads\/2021\/06\/peajes-tarifa-01.jpg?resize=607%2C776&#038;ssl=1\" alt=\"\" width=\"607\" height=\"776\" srcset=\"https:\/\/i0.wp.com\/cdnoticias.com\/wp-content\/uploads\/2021\/06\/peajes-tarifa-01.jpg?w=607&amp;ssl=1 607w, https:\/\/i0.wp.com\/cdnoticias.com\/wp-content\/uploads\/2021\/06\/peajes-tarifa-01.jpg?resize=235%2C300&amp;ssl=1 235w\" sizes=\"auto, (max-width: 607px) 100vw, 607px\" \/><\/p>\n","protected":false},"excerpt":{"rendered":"<p>La suba es de 10% en todos los corredores viales nacionales. Las tarifas estuvieron congeladas desde marzo de 2019. El<\/p>\n","protected":false},"author":4,"featured_media":25211,"comment_status":"closed","ping_status":"closed","sticky":false,"template":"","format":"standard","meta":{"_jetpack_memberships_contains_paid_content":false,"footnotes":""},"categories":[5,1],"tags":[],"class_list":["post-25209","post","type-post","status-publish","format-standard","has-post-thumbnail","hentry","category-informacion-general","category-portada"],"jetpack_featured_media_url":"https:\/\/i0.wp.com\/cdnoticias.com\/wp-content\/uploads\/2021\/06\/peajes-tarifa-00.jpg?fit=800%2C445&ssl=1","jetpack_sharing_enabled":true,"_links":{"self":[{"href":"https:\/\/cdnoticias.com\/index.php\/wp-json\/wp\/v2\/posts\/25209","targetHints":{"allow":["GET"]}}],"collection":[{"href":"https:\/\/cdnoticias.com\/index.php\/wp-json\/wp\/v2\/posts"}],"about":[{"href":"https:\/\/cdnoticias.com\/index.php\/wp-json\/wp\/v2\/types\/post"}],"author":[{"embeddable":true,"href":"https:\/\/cdnoticias.com\/index.php\/wp-json\/wp\/v2\/users\/4"}],"replies":[{"embeddable":true,"href":"https:\/\/cdnoticias.com\/index.php\/wp-json\/wp\/v2\/comments?post=25209"}],"version-history":[{"count":0,"href":"https:\/\/cdnoticias.com\/index.php\/wp-json\/wp\/v2\/posts\/25209\/revisions"}],"wp:featuredmedia":[{"embeddable":true,"href":"https:\/\/cdnoticias.com\/index.php\/wp-json\/wp\/v2\/media\/25211"}],"wp:attachment":[{"href":"https:\/\/cdnoticias.com\/index.php\/wp-json\/wp\/v2\/media?parent=25209"}],"wp:term":[{"taxonomy":"category","embeddable":true,"href":"https:\/\/cdnoticias.com\/index.php\/wp-json\/wp\/v2\/categories?post=25209"},{"taxonomy":"post_tag","embeddable":true,"href":"https:\/\/cdnoticias.com\/index.php\/wp-json\/wp\/v2\/tags?post=25209"}],"curies":[{"name":"wp","href":"https:\/\/api.w.org\/{rel}","templated":true}]}}