{"id":25207,"date":"2021-06-29T08:25:15","date_gmt":"2021-06-29T11:25:15","guid":{"rendered":"http:\/\/www.centraldenoticias.com.ar\/?p=25207"},"modified":"2021-06-29T09:04:37","modified_gmt":"2021-06-29T12:04:37","slug":"celebramos-aquellas-herramientas-que-permitan-facilidad-y-transparencia-en-los-controles","status":"publish","type":"post","link":"https:\/\/cdnoticias.com\/index.php\/2021\/06\/29\/celebramos-aquellas-herramientas-que-permitan-facilidad-y-transparencia-en-los-controles\/","title":{"rendered":"\u201cCelebramos aquellas herramientas que permitan facilidad y transparencia en los controles\u201d"},"content":{"rendered":"<p>As\u00ed se expres\u00f3 Gast\u00f3n Sarachu, subdelegado de la CNRT Olavarr\u00eda, ante el anuncio de la Carta de Porte Electr\u00f3nica, la nueva herramienta de control sobre el transporte agr\u00edcola.\u00a0<!--more--><\/p>\n<hr \/>\n<p><strong>Se present\u00f3 la Carta de Porte Electr\u00f3nica, una herramienta digital que le permitir\u00e1 al Estado mejorar la capacidad de fiscalizaci\u00f3n del sector agr\u00edcola<\/strong>. Se trata de una iniciativa impulsada en conjunto entre la Administraci\u00f3n Federal de Ingresos P\u00fablicos (AFIP) y los Ministerios de Transporte, Seguridad y Agricultura, Ganader\u00eda y Pesca.<\/p>\n<p>&nbsp;<\/p>\n<p><strong>Gast\u00f3n Sarachu, subdelegado de la CNRT Olavarr\u00eda<\/strong>, entidad responsable de los controles de transporte de carga en la zona delimitada por las Rutas Nacionales N\u00ba 3 y N\u00ba 226, brind\u00f3 precisiones acerca de la Carta de Porte Electr\u00f3nica.<\/p>\n<p>&nbsp;<\/p>\n<blockquote><p>\u201cComo organismo de fiscalizaci\u00f3n del transporte de cargas interjurisdiccional, celebramos todas aquellas herramientas que permitan facilidad y transparencia en los controles\u201d, sostuvo el subdelegado de la CNRT Olavarr\u00eda.<\/p><\/blockquote>\n<p>&nbsp;<\/p>\n<p>En cuanto a la implementaci\u00f3n de la Carta de Porte Electr\u00f3nica, <strong>el Ministro de Transporte de la Naci\u00f3n, Alexis Guerrera<\/strong>, hab\u00eda se\u00f1alado que \u201caporta innovaci\u00f3n, tecnolog\u00eda y eficiencia al transporte de carga y se suma a otros avances en materia de digitalizaci\u00f3n\u201d.<\/p>\n<p>&nbsp;<\/p>\n<p>En esta misma l\u00ednea se expres\u00f3 Gast\u00f3n Sarachu al explicar que <em>\u201cla Delegaci\u00f3n Regional Centro de la CNRT, con sede en Olavarr\u00eda, tiene un importante flujo de tr\u00e1nsito de carga de cereales y oleaginosas hacia los puertos de Rosario, Bah\u00eda Blanca y Quequ\u00e9n, con lo cual la implementaci\u00f3n de nuevas tecnolog\u00edas nos permitir\u00e1 mejorar nuestro trabajo diario\u201d<\/em>.<\/p>\n<p>&nbsp;<\/p>\n<p>La Carta de Porte Electr\u00f3nica <strong>reemplazar\u00e1 los formularios en formato papel<\/strong> que hasta ahora se utilizaban para documentar el traslado de granos automotor y ferroviario al interior del pa\u00eds. A partir del mes de septiembre, momento en que entrar\u00e1 en vigencia los cambios correspondientes, se deber\u00e1 tramitar v\u00eda online la documentaci\u00f3n necesaria para trasladar granos dentro del pa\u00eds. <strong>Su uso ser\u00e1 obligatorio a partir del 1\u00ba de noviembre<\/strong>.<\/p>\n<p>&nbsp;<\/p>\n<blockquote><p>Gast\u00f3n Sarachu destac\u00f3 que esta nueva herramienta \u201cmejora la trazabilidad y simplifica tr\u00e1mites en el transporte de granos automotor y ferroviario\u201d.<\/p><\/blockquote>\n<p>&nbsp;<\/p>\n<p>Para finalizar, Sarachu afirm\u00f3 que este nuevo instrumento \u201c<strong>permitir\u00e1 controlar irregularidades en el transporte<\/strong> que perjudican a la mayor\u00eda de los actores que cumplen con las reglas, adem\u00e1s de afectar la recaudaci\u00f3n y alimentar el contrabando\u201d.<\/p>\n","protected":false},"excerpt":{"rendered":"<p>As\u00ed se expres\u00f3 Gast\u00f3n Sarachu, subdelegado de la CNRT Olavarr\u00eda, ante el anuncio de la Carta de Porte Electr\u00f3nica, la<\/p>\n","protected":false},"author":4,"featured_media":23353,"comment_status":"closed","ping_status":"closed","sticky":false,"template":"","format":"standard","meta":{"_jetpack_memberships_contains_paid_content":false,"footnotes":""},"categories":[5,1],"tags":[],"class_list":["post-25207","post","type-post","status-publish","format-standard","has-post-thumbnail","hentry","category-informacion-general","category-portada"],"jetpack_featured_media_url":"https:\/\/i0.wp.com\/cdnoticias.com\/wp-content\/uploads\/2021\/06\/Sarachu-CNRT-vacuna.jpeg?fit=1280%2C894&ssl=1","jetpack_sharing_enabled":true,"_links":{"self":[{"href":"https:\/\/cdnoticias.com\/index.php\/wp-json\/wp\/v2\/posts\/25207","targetHints":{"allow":["GET"]}}],"collection":[{"href":"https:\/\/cdnoticias.com\/index.php\/wp-json\/wp\/v2\/posts"}],"about":[{"href":"https:\/\/cdnoticias.com\/index.php\/wp-json\/wp\/v2\/types\/post"}],"author":[{"embeddable":true,"href":"https:\/\/cdnoticias.com\/index.php\/wp-json\/wp\/v2\/users\/4"}],"replies":[{"embeddable":true,"href":"https:\/\/cdnoticias.com\/index.php\/wp-json\/wp\/v2\/comments?post=25207"}],"version-history":[{"count":0,"href":"https:\/\/cdnoticias.com\/index.php\/wp-json\/wp\/v2\/posts\/25207\/revisions"}],"wp:featuredmedia":[{"embeddable":true,"href":"https:\/\/cdnoticias.com\/index.php\/wp-json\/wp\/v2\/media\/23353"}],"wp:attachment":[{"href":"https:\/\/cdnoticias.com\/index.php\/wp-json\/wp\/v2\/media?parent=25207"}],"wp:term":[{"taxonomy":"category","embeddable":true,"href":"https:\/\/cdnoticias.com\/index.php\/wp-json\/wp\/v2\/categories?post=25207"},{"taxonomy":"post_tag","embeddable":true,"href":"https:\/\/cdnoticias.com\/index.php\/wp-json\/wp\/v2\/tags?post=25207"}],"curies":[{"name":"wp","href":"https:\/\/api.w.org\/{rel}","templated":true}]}}