{"id":25202,"date":"2021-06-28T20:45:08","date_gmt":"2021-06-28T23:45:08","guid":{"rendered":"http:\/\/www.centraldenoticias.com.ar\/?p=25202"},"modified":"2021-06-28T20:45:08","modified_gmt":"2021-06-28T23:45:08","slug":"este-lunes-la-campana-de-vacunacion-provincial-aplico-369-primeras-dosis","status":"publish","type":"post","link":"https:\/\/cdnoticias.com\/index.php\/2021\/06\/28\/este-lunes-la-campana-de-vacunacion-provincial-aplico-369-primeras-dosis\/","title":{"rendered":"Este lunes la campa\u00f1a de vacunaci\u00f3n provincial aplic\u00f3 369 primeras dosis"},"content":{"rendered":"<p>Adem\u00e1s contin\u00faa la vacunaci\u00f3n libre para mayores de 50 a\u00f1os y embarazadas.<!--more--><\/p>\n<hr \/>\n<p>Desde la Regi\u00f3n Sanitaria IX se inform\u00f3 los avances de la campa\u00f1a de vacunaci\u00f3n provincial. Seg\u00fan se indic\u00f3, este lunes se aplicaron 369 primeras dosis: <strong>en el Centro Cultural Universitario se aplicaron 105 primeras dosis, en el Servicio Territorial N.\u00ba 2 fueron 132 y en la Facultad de Ciencias de la Salud tambi\u00e9n 132.<\/strong><\/p>\n<p>&nbsp;<\/p>\n<p>Adem\u00e1s sigue la <strong>vacunaci\u00f3n libre para mayores de 50 a\u00f1os y embarazadas,<\/strong> todas las personas interesadas en aplicarse la primera dosis podr\u00e1n acercarse con el DNI y ser\u00e1n vacunadas en el momento en cualquiera de las 4 postas de vacunaci\u00f3n que est\u00e1n funcionando en simult\u00e1neo.<\/p>\n<p>&nbsp;<\/p>\n<p>El resto de la vacunaci\u00f3n es \u00fanicamente por turnos, tanto para primeras como segundas dosis, por lo que se le pide a la comunidad que est\u00e9n<strong> atentos a los mensajes con la notificaci\u00f3n del d\u00eda y horario para aplicarse la dosis correspondiente.<\/strong><\/p>\n<p>&nbsp;<\/p>\n<p>Todos los interesados en acceder al plan provincial de vacunaci\u00f3n contra el coronavirus, que es p\u00fablico, gratuito y optativo, pueden sacar turno de manera virtual entrando en la p\u00e1gina https:\/\/vacunatepba.gba.gob.ar\/ o de forma presencial en ANSES, IOMA, PAMI, Ministerio de trabajo, Centro de Documentaci\u00f3n R\u00e1pida, entre otros.<\/p>\n","protected":false},"excerpt":{"rendered":"<p>Adem\u00e1s contin\u00faa la vacunaci\u00f3n libre para mayores de 50 a\u00f1os y embarazadas.<\/p>\n","protected":false},"author":5,"featured_media":23176,"comment_status":"closed","ping_status":"closed","sticky":false,"template":"","format":"standard","meta":{"_jetpack_memberships_contains_paid_content":false,"footnotes":""},"categories":[16,1],"tags":[],"class_list":["post-25202","post","type-post","status-publish","format-standard","has-post-thumbnail","hentry","category-covid-19","category-portada"],"jetpack_featured_media_url":"https:\/\/i0.wp.com\/cdnoticias.com\/wp-content\/uploads\/2021\/06\/vacunaci%C3%B3n-covid.jpg?fit=800%2C445&ssl=1","jetpack_sharing_enabled":true,"_links":{"self":[{"href":"https:\/\/cdnoticias.com\/index.php\/wp-json\/wp\/v2\/posts\/25202","targetHints":{"allow":["GET"]}}],"collection":[{"href":"https:\/\/cdnoticias.com\/index.php\/wp-json\/wp\/v2\/posts"}],"about":[{"href":"https:\/\/cdnoticias.com\/index.php\/wp-json\/wp\/v2\/types\/post"}],"author":[{"embeddable":true,"href":"https:\/\/cdnoticias.com\/index.php\/wp-json\/wp\/v2\/users\/5"}],"replies":[{"embeddable":true,"href":"https:\/\/cdnoticias.com\/index.php\/wp-json\/wp\/v2\/comments?post=25202"}],"version-history":[{"count":0,"href":"https:\/\/cdnoticias.com\/index.php\/wp-json\/wp\/v2\/posts\/25202\/revisions"}],"wp:featuredmedia":[{"embeddable":true,"href":"https:\/\/cdnoticias.com\/index.php\/wp-json\/wp\/v2\/media\/23176"}],"wp:attachment":[{"href":"https:\/\/cdnoticias.com\/index.php\/wp-json\/wp\/v2\/media?parent=25202"}],"wp:term":[{"taxonomy":"category","embeddable":true,"href":"https:\/\/cdnoticias.com\/index.php\/wp-json\/wp\/v2\/categories?post=25202"},{"taxonomy":"post_tag","embeddable":true,"href":"https:\/\/cdnoticias.com\/index.php\/wp-json\/wp\/v2\/tags?post=25202"}],"curies":[{"name":"wp","href":"https:\/\/api.w.org\/{rel}","templated":true}]}}