{"id":25193,"date":"2021-06-28T19:41:33","date_gmt":"2021-06-28T22:41:33","guid":{"rendered":"http:\/\/www.centraldenoticias.com.ar\/?p=25193"},"modified":"2021-06-28T19:42:24","modified_gmt":"2021-06-28T22:42:24","slug":"migraciones-es-una-necesidad-sanitaria-el-regreso-limitado-de-pasajeros-del-exterior","status":"publish","type":"post","link":"https:\/\/cdnoticias.com\/index.php\/2021\/06\/28\/migraciones-es-una-necesidad-sanitaria-el-regreso-limitado-de-pasajeros-del-exterior\/","title":{"rendered":"Migraciones: Es una &#8220;necesidad sanitaria&#8221; el regreso limitado de pasajeros del exterior"},"content":{"rendered":"<p><strong><em>&#8220;El ingreso de la variante Delta podr\u00eda arruinar todo un proceso de vacunaci\u00f3n&#8221;<\/em><\/strong>, advirti\u00f3 Florencia Carignano, directora de Migraciones frente a la limitaci\u00f3n del ingreso al pa\u00eds de 600 pasajeros por d\u00eda. Actualmente hay 101 pa\u00edses con sus fronteras cerradas.<!--more--><\/p>\n<hr \/>\n<p>La titular de la <strong>Direcci\u00f3n Nacional de Migraciones<\/strong>, Florencia Carignano, defendi\u00f3 este lunes la medida de <strong>limitar el regreso del exterior a 600 pasajeros por d\u00eda<\/strong>, remarc\u00f3 que se trata de una <em>&#8220;necesidad sanitaria&#8221;<\/em> que tiene como prioridad evitar la llegada de la variante Delta y un eventual rebrote de contagios de coronavirus, que obligue a restringir con m\u00e1s severidad las actividades en el pa\u00eds.<\/p>\n<p>&nbsp;<\/p>\n<p><strong><em>&#8220;El ingreso de la variante Delta podr\u00eda arruinar todo un proceso de vacunaci\u00f3n&#8221;<\/em><\/strong>, advirti\u00f3 en di\u00e1logo con C5N y con Radio La Red la funcionaria, quien plante\u00f3 que &#8220;es preferible&#8221; que quienes est\u00e9n de vacaciones &#8220;<em>se retrasen unos d\u00edas&#8221;<\/em> en su vuelta al pa\u00eds a que, por ejemplo, haya un rebrote de casos y <em>&#8220;deban suspenderse las clases presenciales&#8221;<\/em> o no puedan mantenerse las <em>&#8220;aperturas&#8221;<\/em> logradas en las \u00faltimas semanas.<\/p>\n<p>&nbsp;<\/p>\n<p>Con la misma preocupaci\u00f3n, <strong>hay en total 101 pa\u00edses con sus fronteras cerradas, a excepci\u00f3n de sus ciudadanos o residentes, y tambi\u00e9n otras 113 naciones que permiten ingresos con limitaciones<\/strong>, como por ejemplo tener el proceso completo de vacunaci\u00f3n o con resultados fidedignos de PCR o ant\u00edgenos, adem\u00e1s de someterse a cuarentenas, seg\u00fan un informe de la Organizaci\u00f3n Mundial del Turismo.<\/p>\n<p>&nbsp;<\/p>\n<p>En ese sentido, <strong>el propio presidente Alberto Fern\u00e1ndez declin\u00f3 de participar en forma presencial de la apertura del Foro Generaci\u00f3n Igualdad, que se realizar\u00e1 el mi\u00e9rcoles en Par\u00eds<\/strong> y por el que estaba previsto que la comitiva argentina viajara este lunes hacia Francia.<\/p>\n<p>&nbsp;<\/p>\n<p><em>&#8220;En el marco de esta dif\u00edcil situaci\u00f3n y teniendo en cuenta el gran esfuerzo del pueblo argentino para contribuir a combatir este flagelo que significa el Sars-CoV-2, lamento profundamente informarle que me ser\u00e1 imposible participar de manera presencial en la apertura del Foro Generaci\u00f3n Igualdad el pr\u00f3ximo 30 de junio en la ciudad de Par\u00eds&#8221;<\/em>, le escribi\u00f3 el jefe de Estado argentino a su par franc\u00e9s, Emmanuel Macron.<\/p>\n<p>&nbsp;<\/p>\n<p><strong>Las restricciones en las fronteras<\/strong><\/p>\n<p>&nbsp;<\/p>\n<p>Desde el s\u00e1bado pasado rige en el pa\u00eds una <strong>pr\u00f3rroga del cierre de fronteras al turismo hasta el 9 de julio<\/strong> y un cupo de 600 pasajeros diarios para el ingreso al pa\u00eds.<\/p>\n<p>&nbsp;<\/p>\n<p>De acuerdo con la normativa <strong>contin\u00faan suspendidos los vuelos provenientes del Reino Unido de Gran Breta\u00f1a e Irlanda del Norte; Chile; Brasil; India; pa\u00edses africanos y Turqu\u00eda.<\/strong><\/p>\n<p>&nbsp;<\/p>\n<p>Todas las medidas fueron dispuestas para bajar el riesgo de contagios de coronavirus e impedir el ingreso de variantes que no registran circulaci\u00f3n comunitaria en el pa\u00eds, como la Delta, cuya respuesta ante &#8220;<strong><em>la efectividad de las vacunas se desconoce&#8221;<\/em><\/strong>, se indic\u00f3 en los considerandos de la norma.<\/p>\n<p>&nbsp;<\/p>\n<p>Fuente: T\u00e9lam<\/p>\n","protected":false},"excerpt":{"rendered":"<p>&#8220;El ingreso de la variante Delta podr\u00eda arruinar todo un proceso de vacunaci\u00f3n&#8221;, advirti\u00f3 Florencia Carignano, directora de Migraciones frente<\/p>\n","protected":false},"author":5,"featured_media":25196,"comment_status":"closed","ping_status":"closed","sticky":false,"template":"","format":"standard","meta":{"_jetpack_memberships_contains_paid_content":false,"footnotes":""},"categories":[6],"tags":[],"class_list":["post-25193","post","type-post","status-publish","format-standard","has-post-thumbnail","hentry","category-nacionales"],"jetpack_featured_media_url":"https:\/\/i0.wp.com\/cdnoticias.com\/wp-content\/uploads\/2021\/06\/5fdffa3f89dda_1004x565.jpg?fit=1004%2C565&ssl=1","jetpack_sharing_enabled":true,"_links":{"self":[{"href":"https:\/\/cdnoticias.com\/index.php\/wp-json\/wp\/v2\/posts\/25193","targetHints":{"allow":["GET"]}}],"collection":[{"href":"https:\/\/cdnoticias.com\/index.php\/wp-json\/wp\/v2\/posts"}],"about":[{"href":"https:\/\/cdnoticias.com\/index.php\/wp-json\/wp\/v2\/types\/post"}],"author":[{"embeddable":true,"href":"https:\/\/cdnoticias.com\/index.php\/wp-json\/wp\/v2\/users\/5"}],"replies":[{"embeddable":true,"href":"https:\/\/cdnoticias.com\/index.php\/wp-json\/wp\/v2\/comments?post=25193"}],"version-history":[{"count":0,"href":"https:\/\/cdnoticias.com\/index.php\/wp-json\/wp\/v2\/posts\/25193\/revisions"}],"wp:featuredmedia":[{"embeddable":true,"href":"https:\/\/cdnoticias.com\/index.php\/wp-json\/wp\/v2\/media\/25196"}],"wp:attachment":[{"href":"https:\/\/cdnoticias.com\/index.php\/wp-json\/wp\/v2\/media?parent=25193"}],"wp:term":[{"taxonomy":"category","embeddable":true,"href":"https:\/\/cdnoticias.com\/index.php\/wp-json\/wp\/v2\/categories?post=25193"},{"taxonomy":"post_tag","embeddable":true,"href":"https:\/\/cdnoticias.com\/index.php\/wp-json\/wp\/v2\/tags?post=25193"}],"curies":[{"name":"wp","href":"https:\/\/api.w.org\/{rel}","templated":true}]}}