{"id":25190,"date":"2021-06-28T20:00:29","date_gmt":"2021-06-28T23:00:29","guid":{"rendered":"http:\/\/www.centraldenoticias.com.ar\/?p=25190"},"modified":"2021-06-29T08:25:44","modified_gmt":"2021-06-29T11:25:44","slug":"vecinos-de-espigas-iniciaron-una-campana-para-tener-un-cuartel-de-bomberos-voluntarios","status":"publish","type":"post","link":"https:\/\/cdnoticias.com\/index.php\/2021\/06\/28\/vecinos-de-espigas-iniciaron-una-campana-para-tener-un-cuartel-de-bomberos-voluntarios\/","title":{"rendered":"Vecinos de Espigas iniciaron una campa\u00f1a para tener un cuartel de bomberos voluntarios"},"content":{"rendered":"<p>En los \u00faltimos d\u00edas tuvieron una reuni\u00f3n con integrantes del cuartel local y aguardan por ser recibidos por el intendente. Uno de los referentes de la iniciativa brind\u00f3 detalles a Radio Universidad.<!--more--><\/p>\n<hr \/>\n<p><strong>\u201cEn el \u00faltimo incendio, que quiz\u00e1s fue lo que m\u00e1s de cerca vivimos y nos peg\u00f3 fuerte a todos, se le quem\u00f3 la casa a una abuelita de toda la vida de ac\u00e1 de Espigas. Qued\u00f3 sentada en la ambulancia viendo c\u00f3mo se le incendiaba la casa\u201d<\/strong>. De esa manera un vecino de Espigas relat\u00f3 que es lo que sucede en esa localidad del partido de Olavarr\u00eda cada vez que se registra un incendio. Fue por ello que junto a otros habitantes del pueblo e instituciones iniciaron diversas gestiones para poder tener un cuartel propio y, de esa manera, contar con una respuesta m\u00e1s r\u00e1pida ante una emergencia.<\/p>\n<p>&nbsp;<\/p>\n<p><iframe id=\"audio_72017020\" style=\"width: 100%;\" src=\"https:\/\/www.ivoox.com\/player_ej_72017020_6_1.html\" height=\"200\" frameborder=\"0\" scrolling=\"no\" allowfullscreen=\"allowfullscreen\"><\/iframe><\/p>\n<p>&nbsp;<\/p>\n<p><strong>\u201cBrindarle un servicio al pueblo y a los campos aleda\u00f1os, pero tambi\u00e9n a parajes y pueblos cercanos\u201d<\/strong>, expres\u00f3 Lisandro Laporta en un di\u00e1logo telef\u00f3nico con La Ma\u00f1ana de Radio Universidad (FM 90.1). Se trata de uno de los vecinos impulsores de la iniciativa que en los \u00faltimos d\u00edas tuvo importantes novedades, ya que fue motivo de una reuni\u00f3n en un cuartel central local, donde a autoridades tanto de bomberos voluntarios como de Defensa Civil se les plante\u00f3 la iniciativa e inquietudes para poder concretar el sue\u00f1o.<\/p>\n<p>&nbsp;<\/p>\n<p><strong>Espigas se encuentra a unos 80 kil\u00f3metros del casco urbano local, una distancia con nuestra ciudad que tiene su correlato directo en el arribo de personal de asistencia ante una emergencia<\/strong>. Inclusive, teniendo en cuenta esa lejan\u00eda, es que en diversos hechos se ha contado con la colaboraci\u00f3n de bomberos de distritos vecinos, como el caso de Bol\u00edvar o Tapalqu\u00e9, seg\u00fan narr\u00f3 el propio Laporta.<\/p>\n<p>&nbsp;<\/p>\n<blockquote><p>En su detalle expres\u00f3 tambi\u00e9n c\u00f3mo contar con este servicio permitir\u00eda tambi\u00e9n darle una respuesta m\u00e1s efectiva a habitantes, por ejemplo, de Recalde y Blanca Grande, quienes se encuentran a distancias similares de Olavarr\u00eda.<\/p><\/blockquote>\n<p>&nbsp;<\/p>\n<p><strong>\u201cSentimos la necesidad de tener un cuartel porque estamos a distancias, si bien cerca de las ciudades cabeceras, pero para un caso de incendio o accidente las distancias son lejanas<\/strong>\u201d, sintetiz\u00f3 el vecino quien es familiar de un bombero de la ciudad de General Alvear, ese v\u00ednculo lo que les permiti\u00f3 comenzar conversaciones y gestiones que d\u00edas atr\u00e1s permitieron el encuentro que se desarroll\u00f3 en el Cuartel Central local.<\/p>\n<p>&nbsp;<\/p>\n<p>Tras el encuentro con Bomberos Voluntarios, entre ellos el jefe del cuerpo activo Ra\u00fal Ferreira, narr\u00f3 que le acercaron la inquietud al delegado municipal y que el funcionario municipal hizo lo propio ante el Director de Delegaciones, C\u00e9sar Bournot, quien se acerc\u00f3 a Espigas a tomar contacto con la iniciativa y, adem\u00e1s, se comprometi\u00f3 a ponerlo en conocimiento del proyecto al intendente Municipal. <strong>\u201cQueremos aclarar que esto no es ninguna movida pol\u00edtica, m\u00e1s all\u00e1 de que se le va a plantear al municipio\u201d, aclar\u00f3 Laporta, a la espera de poder tener novedades en las pr\u00f3ximas horas.<\/strong><\/p>\n","protected":false},"excerpt":{"rendered":"<p>En los \u00faltimos d\u00edas tuvieron una reuni\u00f3n con integrantes del cuartel local y aguardan por ser recibidos por el intendente.<\/p>\n","protected":false},"author":3,"featured_media":25191,"comment_status":"closed","ping_status":"closed","sticky":false,"template":"","format":"standard","meta":{"_jetpack_memberships_contains_paid_content":false,"footnotes":""},"categories":[5,1],"tags":[],"class_list":["post-25190","post","type-post","status-publish","format-standard","has-post-thumbnail","hentry","category-informacion-general","category-portada"],"jetpack_featured_media_url":"https:\/\/i0.wp.com\/cdnoticias.com\/wp-content\/uploads\/2021\/06\/Plaza-Espigas-2-1024x576.jpg?fit=1024%2C576&ssl=1","jetpack_sharing_enabled":true,"_links":{"self":[{"href":"https:\/\/cdnoticias.com\/index.php\/wp-json\/wp\/v2\/posts\/25190","targetHints":{"allow":["GET"]}}],"collection":[{"href":"https:\/\/cdnoticias.com\/index.php\/wp-json\/wp\/v2\/posts"}],"about":[{"href":"https:\/\/cdnoticias.com\/index.php\/wp-json\/wp\/v2\/types\/post"}],"author":[{"embeddable":true,"href":"https:\/\/cdnoticias.com\/index.php\/wp-json\/wp\/v2\/users\/3"}],"replies":[{"embeddable":true,"href":"https:\/\/cdnoticias.com\/index.php\/wp-json\/wp\/v2\/comments?post=25190"}],"version-history":[{"count":0,"href":"https:\/\/cdnoticias.com\/index.php\/wp-json\/wp\/v2\/posts\/25190\/revisions"}],"wp:featuredmedia":[{"embeddable":true,"href":"https:\/\/cdnoticias.com\/index.php\/wp-json\/wp\/v2\/media\/25191"}],"wp:attachment":[{"href":"https:\/\/cdnoticias.com\/index.php\/wp-json\/wp\/v2\/media?parent=25190"}],"wp:term":[{"taxonomy":"category","embeddable":true,"href":"https:\/\/cdnoticias.com\/index.php\/wp-json\/wp\/v2\/categories?post=25190"},{"taxonomy":"post_tag","embeddable":true,"href":"https:\/\/cdnoticias.com\/index.php\/wp-json\/wp\/v2\/tags?post=25190"}],"curies":[{"name":"wp","href":"https:\/\/api.w.org\/{rel}","templated":true}]}}