{"id":25186,"date":"2021-06-28T18:46:04","date_gmt":"2021-06-28T21:46:04","guid":{"rendered":"http:\/\/www.centraldenoticias.com.ar\/?p=25186"},"modified":"2021-06-28T19:06:41","modified_gmt":"2021-06-28T22:06:41","slug":"fallecio-un-paciente-con-covid-19-y-hubo-65-nuevos-casos-en-olavarria","status":"publish","type":"post","link":"https:\/\/cdnoticias.com\/index.php\/2021\/06\/28\/fallecio-un-paciente-con-covid-19-y-hubo-65-nuevos-casos-en-olavarria\/","title":{"rendered":"Falleci\u00f3 un paciente con Covid-19 y hubo 65 nuevos casos en Olavarr\u00eda"},"content":{"rendered":"<p>As\u00ed lo detall\u00f3 el informe sanitario de este lunes. El hombre ten\u00eda 86 a\u00f1os y hab\u00eda permanecido internado por 12 d\u00edas. El total de pacientes activos en el partido es de 415.<!--more--><\/p>\n<hr \/>\n<p>La Secretar\u00eda de Salud del Gobierno Municipal inform\u00f3 este lunes que <strong>falleci\u00f3 un paciente que hab\u00eda resultado positivo para Covid-19.<\/strong><\/p>\n<p>&nbsp;<\/p>\n<p>Seg\u00fan indicaron, se trata de <strong>un hombre de 86 a\u00f1os<\/strong> que estuvo internado 12 d\u00edas en Cl\u00ednica Covid del Hospital Municipal \u201cDr. H\u00e9ctor Cura\u201d.<\/p>\n<p>&nbsp;<\/p>\n<p><img data-recalc-dims=\"1\" loading=\"lazy\" decoding=\"async\" class=\"alignnone size-full wp-image-25182\" src=\"https:\/\/i0.wp.com\/cdnoticias.com\/wp-content\/uploads\/2021\/06\/WhatsApp-Image-2021-06-28-at-16.39.04-2.jpeg?resize=800%2C800&#038;ssl=1\" alt=\"\" width=\"800\" height=\"800\" srcset=\"https:\/\/i0.wp.com\/cdnoticias.com\/wp-content\/uploads\/2021\/06\/WhatsApp-Image-2021-06-28-at-16.39.04-2.jpeg?w=1280&amp;ssl=1 1280w, https:\/\/i0.wp.com\/cdnoticias.com\/wp-content\/uploads\/2021\/06\/WhatsApp-Image-2021-06-28-at-16.39.04-2.jpeg?resize=150%2C150&amp;ssl=1 150w, https:\/\/i0.wp.com\/cdnoticias.com\/wp-content\/uploads\/2021\/06\/WhatsApp-Image-2021-06-28-at-16.39.04-2.jpeg?resize=300%2C300&amp;ssl=1 300w, https:\/\/i0.wp.com\/cdnoticias.com\/wp-content\/uploads\/2021\/06\/WhatsApp-Image-2021-06-28-at-16.39.04-2.jpeg?resize=768%2C768&amp;ssl=1 768w, https:\/\/i0.wp.com\/cdnoticias.com\/wp-content\/uploads\/2021\/06\/WhatsApp-Image-2021-06-28-at-16.39.04-2.jpeg?resize=1024%2C1024&amp;ssl=1 1024w\" sizes=\"auto, (max-width: 800px) 100vw, 800px\" \/><\/p>\n<p>&nbsp;<\/p>\n<p>Adem\u00e1s, <strong>se registraron 65 nuevos casos de Covid-19<\/strong> en el partido de Olavarr\u00eda, hubo 52 pacientes que recibieron el alta m\u00e9dica y se descartaron 168.<\/p>\n<p>&nbsp;<\/p>\n<p><strong>El total de pacientes activos es de 415.<\/strong> Asimismo, durante la jornada se realizaron 233 testeos y m\u00e1s de 43.200 desde el comienzo de la pandemia.<\/p>\n<p>&nbsp;<\/p>\n<p><img data-recalc-dims=\"1\" loading=\"lazy\" decoding=\"async\" class=\"alignnone size-full wp-image-25181\" src=\"https:\/\/i0.wp.com\/cdnoticias.com\/wp-content\/uploads\/2021\/06\/WhatsApp-Image-2021-06-28-at-16.39.04-1.jpeg?resize=800%2C799&#038;ssl=1\" alt=\"\" width=\"800\" height=\"799\" srcset=\"https:\/\/i0.wp.com\/cdnoticias.com\/wp-content\/uploads\/2021\/06\/WhatsApp-Image-2021-06-28-at-16.39.04-1.jpeg?w=1280&amp;ssl=1 1280w, https:\/\/i0.wp.com\/cdnoticias.com\/wp-content\/uploads\/2021\/06\/WhatsApp-Image-2021-06-28-at-16.39.04-1.jpeg?resize=150%2C150&amp;ssl=1 150w, https:\/\/i0.wp.com\/cdnoticias.com\/wp-content\/uploads\/2021\/06\/WhatsApp-Image-2021-06-28-at-16.39.04-1.jpeg?resize=300%2C300&amp;ssl=1 300w, https:\/\/i0.wp.com\/cdnoticias.com\/wp-content\/uploads\/2021\/06\/WhatsApp-Image-2021-06-28-at-16.39.04-1.jpeg?resize=768%2C767&amp;ssl=1 768w, https:\/\/i0.wp.com\/cdnoticias.com\/wp-content\/uploads\/2021\/06\/WhatsApp-Image-2021-06-28-at-16.39.04-1.jpeg?resize=1024%2C1024&amp;ssl=1 1024w\" sizes=\"auto, (max-width: 800px) 100vw, 800px\" \/><\/p>\n<p>&nbsp;<\/p>\n<p>De los 65 positivos de este lunes, <strong>13 corresponden a los testeos en la Sociedad de Fomento Hip\u00f3lito Yrigoyen<\/strong>. No hubo positivos en el RTA Pedi\u00e1trico.<\/p>\n<p>&nbsp;<\/p>\n<blockquote><p>Sobre el estado actual del Hospital, se indic\u00f3 que hay 8 pacientes en Unidad de Terapia Intensiva y 14 en Cuidados Generales. Por otra parte, se inform\u00f3 que no hay internados en Pediatr\u00eda.<\/p><\/blockquote>\n<p>&nbsp;<\/p>\n<p><img data-recalc-dims=\"1\" loading=\"lazy\" decoding=\"async\" class=\"alignnone size-full wp-image-25179\" src=\"https:\/\/i0.wp.com\/cdnoticias.com\/wp-content\/uploads\/2021\/06\/WhatsApp-Image-2021-06-28-at-16.39.01.jpeg?resize=800%2C800&#038;ssl=1\" alt=\"\" width=\"800\" height=\"800\" srcset=\"https:\/\/i0.wp.com\/cdnoticias.com\/wp-content\/uploads\/2021\/06\/WhatsApp-Image-2021-06-28-at-16.39.01.jpeg?w=1280&amp;ssl=1 1280w, https:\/\/i0.wp.com\/cdnoticias.com\/wp-content\/uploads\/2021\/06\/WhatsApp-Image-2021-06-28-at-16.39.01.jpeg?resize=150%2C150&amp;ssl=1 150w, https:\/\/i0.wp.com\/cdnoticias.com\/wp-content\/uploads\/2021\/06\/WhatsApp-Image-2021-06-28-at-16.39.01.jpeg?resize=300%2C300&amp;ssl=1 300w, https:\/\/i0.wp.com\/cdnoticias.com\/wp-content\/uploads\/2021\/06\/WhatsApp-Image-2021-06-28-at-16.39.01.jpeg?resize=768%2C768&amp;ssl=1 768w, https:\/\/i0.wp.com\/cdnoticias.com\/wp-content\/uploads\/2021\/06\/WhatsApp-Image-2021-06-28-at-16.39.01.jpeg?resize=1024%2C1024&amp;ssl=1 1024w\" sizes=\"auto, (max-width: 800px) 100vw, 800px\" \/><\/p>\n<p>&nbsp;<\/p>\n<p>En este sentido, desde la Secretar\u00eda de Salud Municipal aseguraron que <strong>el 90% de los casos positivos corresponden a personas con menos de 60 a\u00f1os y el 10% a mayores de 60 a\u00f1os.<\/strong><\/p>\n<p>&nbsp;<\/p>\n<p>El intendente Ezequiel Galli y la Municipalidad de Olavarr\u00eda env\u00edan condolencias a los familiares y amigos de la persona fallecida.<\/p>\n","protected":false},"excerpt":{"rendered":"<p>As\u00ed lo detall\u00f3 el informe sanitario de este lunes. El hombre ten\u00eda 86 a\u00f1os y hab\u00eda permanecido internado por 12<\/p>\n","protected":false},"author":5,"featured_media":21522,"comment_status":"closed","ping_status":"closed","sticky":false,"template":"","format":"standard","meta":{"_jetpack_memberships_contains_paid_content":false,"footnotes":""},"categories":[16,1],"tags":[],"class_list":["post-25186","post","type-post","status-publish","format-standard","has-post-thumbnail","hentry","category-covid-19","category-portada"],"jetpack_featured_media_url":"https:\/\/i0.wp.com\/cdnoticias.com\/wp-content\/uploads\/2021\/05\/hospital-respiradores4.jpg?fit=800%2C445&ssl=1","jetpack_sharing_enabled":true,"_links":{"self":[{"href":"https:\/\/cdnoticias.com\/index.php\/wp-json\/wp\/v2\/posts\/25186","targetHints":{"allow":["GET"]}}],"collection":[{"href":"https:\/\/cdnoticias.com\/index.php\/wp-json\/wp\/v2\/posts"}],"about":[{"href":"https:\/\/cdnoticias.com\/index.php\/wp-json\/wp\/v2\/types\/post"}],"author":[{"embeddable":true,"href":"https:\/\/cdnoticias.com\/index.php\/wp-json\/wp\/v2\/users\/5"}],"replies":[{"embeddable":true,"href":"https:\/\/cdnoticias.com\/index.php\/wp-json\/wp\/v2\/comments?post=25186"}],"version-history":[{"count":0,"href":"https:\/\/cdnoticias.com\/index.php\/wp-json\/wp\/v2\/posts\/25186\/revisions"}],"wp:featuredmedia":[{"embeddable":true,"href":"https:\/\/cdnoticias.com\/index.php\/wp-json\/wp\/v2\/media\/21522"}],"wp:attachment":[{"href":"https:\/\/cdnoticias.com\/index.php\/wp-json\/wp\/v2\/media?parent=25186"}],"wp:term":[{"taxonomy":"category","embeddable":true,"href":"https:\/\/cdnoticias.com\/index.php\/wp-json\/wp\/v2\/categories?post=25186"},{"taxonomy":"post_tag","embeddable":true,"href":"https:\/\/cdnoticias.com\/index.php\/wp-json\/wp\/v2\/tags?post=25186"}],"curies":[{"name":"wp","href":"https:\/\/api.w.org\/{rel}","templated":true}]}}