{"id":2518,"date":"2020-09-26T15:34:43","date_gmt":"2020-09-26T18:34:43","guid":{"rendered":"http:\/\/www.centraldenoticias.com.ar\/?p=2518"},"modified":"2020-09-26T15:41:52","modified_gmt":"2020-09-26T18:41:52","slug":"aislados-y-desinfeccion-tras-dos-casos-positivos-en-el-centro-de-monitoreo","status":"publish","type":"post","link":"https:\/\/cdnoticias.com\/index.php\/2020\/09\/26\/aislados-y-desinfeccion-tras-dos-casos-positivos-en-el-centro-de-monitoreo\/","title":{"rendered":"Aislados y desinfecci\u00f3n tras dos casos  positivos en el Centro de Monitoreo"},"content":{"rendered":"<p>As\u00ed fue confirmado por fuentes ligadas al Ejecutivo local, quienes enfatizaron que las tareas preventivas y administrativas no se vieron afectadas.<\/p>\n<hr \/>\n<p>&nbsp;<\/p>\n<p>El marcado incremento de casos sigue complicando el normal desarrollo de numerosas entidades y actividades locales. En ese listado en las \u00faltimas horas se sum\u00f3 el<strong> Centro de Monitoreo Municipal, donde se debi\u00f3 aislar a varios trabajadores tras confirmarse dos casos positivos.<\/strong><\/p>\n<p>&nbsp;<\/p>\n<p><strong><em>Central de Noticias<\/em><\/strong> dialog\u00f3 con Daniel Manuel, director del Centro de Monitoreo, enfatiz\u00f3 que en el lugar se aplicaron y aplican los protocolos y medidas de bioseguridad pertinentes, y es por ello que<strong> \u201chemos aislado al personal que tuvo contacto, que no es el 100% del personal de Monitoreo\u201d.<\/strong><\/p>\n<p>&nbsp;<\/p>\n<p><img data-recalc-dims=\"1\" loading=\"lazy\" decoding=\"async\" class=\"alignnone size-large wp-image-2520\" src=\"https:\/\/i0.wp.com\/cdnoticias.com\/wp-content\/uploads\/2020\/09\/WhatsApp-Image-2020-09-25-at-22.23.48-2.jpeg?resize=800%2C450&#038;ssl=1\" alt=\"\" width=\"800\" height=\"450\" srcset=\"https:\/\/i0.wp.com\/cdnoticias.com\/wp-content\/uploads\/2020\/09\/WhatsApp-Image-2020-09-25-at-22.23.48-2.jpeg?resize=1024%2C576&amp;ssl=1 1024w, https:\/\/i0.wp.com\/cdnoticias.com\/wp-content\/uploads\/2020\/09\/WhatsApp-Image-2020-09-25-at-22.23.48-2.jpeg?resize=300%2C169&amp;ssl=1 300w, https:\/\/i0.wp.com\/cdnoticias.com\/wp-content\/uploads\/2020\/09\/WhatsApp-Image-2020-09-25-at-22.23.48-2.jpeg?resize=768%2C432&amp;ssl=1 768w, https:\/\/i0.wp.com\/cdnoticias.com\/wp-content\/uploads\/2020\/09\/WhatsApp-Image-2020-09-25-at-22.23.48-2.jpeg?w=1280&amp;ssl=1 1280w\" sizes=\"auto, (max-width: 800px) 100vw, 800px\" \/><\/p>\n<p>&nbsp;<\/p>\n<p><strong>\u201cNo estamos exentos\u201d<\/strong>, a\u00f1adi\u00f3 al referirse a los contagios positivos a medida que subrayaba que pese al registro de estos casos <strong>\u201cestamos trabajando personalmente\u201d.<\/strong><\/p>\n<p>&nbsp;<\/p>\n<p>Vale destacar, por otra parte, que en las \u00faltimas horas se realizaron tareas de <strong>desinfecci\u00f3n e higiene de cada uno de los ambientes y espacios del lugar.<\/strong><\/p>\n","protected":false},"excerpt":{"rendered":"<p>As\u00ed fue confirmado por fuentes ligadas al Ejecutivo local, quienes enfatizaron que las tareas preventivas y administrativas no se vieron<\/p>\n","protected":false},"author":3,"featured_media":2519,"comment_status":"closed","ping_status":"closed","sticky":false,"template":"","format":"standard","meta":{"_jetpack_memberships_contains_paid_content":false,"footnotes":""},"categories":[5,1],"tags":[],"class_list":["post-2518","post","type-post","status-publish","format-standard","has-post-thumbnail","hentry","category-informacion-general","category-portada"],"jetpack_featured_media_url":"https:\/\/i0.wp.com\/cdnoticias.com\/wp-content\/uploads\/2020\/09\/monitore-e1601145168464.jpg?fit=852%2C553&ssl=1","jetpack_sharing_enabled":true,"_links":{"self":[{"href":"https:\/\/cdnoticias.com\/index.php\/wp-json\/wp\/v2\/posts\/2518","targetHints":{"allow":["GET"]}}],"collection":[{"href":"https:\/\/cdnoticias.com\/index.php\/wp-json\/wp\/v2\/posts"}],"about":[{"href":"https:\/\/cdnoticias.com\/index.php\/wp-json\/wp\/v2\/types\/post"}],"author":[{"embeddable":true,"href":"https:\/\/cdnoticias.com\/index.php\/wp-json\/wp\/v2\/users\/3"}],"replies":[{"embeddable":true,"href":"https:\/\/cdnoticias.com\/index.php\/wp-json\/wp\/v2\/comments?post=2518"}],"version-history":[{"count":0,"href":"https:\/\/cdnoticias.com\/index.php\/wp-json\/wp\/v2\/posts\/2518\/revisions"}],"wp:featuredmedia":[{"embeddable":true,"href":"https:\/\/cdnoticias.com\/index.php\/wp-json\/wp\/v2\/media\/2519"}],"wp:attachment":[{"href":"https:\/\/cdnoticias.com\/index.php\/wp-json\/wp\/v2\/media?parent=2518"}],"wp:term":[{"taxonomy":"category","embeddable":true,"href":"https:\/\/cdnoticias.com\/index.php\/wp-json\/wp\/v2\/categories?post=2518"},{"taxonomy":"post_tag","embeddable":true,"href":"https:\/\/cdnoticias.com\/index.php\/wp-json\/wp\/v2\/tags?post=2518"}],"curies":[{"name":"wp","href":"https:\/\/api.w.org\/{rel}","templated":true}]}}