{"id":25168,"date":"2021-06-28T19:04:18","date_gmt":"2021-06-28T22:04:18","guid":{"rendered":"http:\/\/www.centraldenoticias.com.ar\/?p=25168"},"modified":"2021-06-28T20:00:52","modified_gmt":"2021-06-28T23:00:52","slug":"el-futuro-del-transporte-publico-y-los-cambios-en-la-movilidad","status":"publish","type":"post","link":"https:\/\/cdnoticias.com\/index.php\/2021\/06\/28\/el-futuro-del-transporte-publico-y-los-cambios-en-la-movilidad\/","title":{"rendered":"El futuro del transporte p\u00fablico y los cambios en la movilidad"},"content":{"rendered":"<p>Fueron dos de los temas que se trataron en la \u00faltima reuni\u00f3n de la Comisi\u00f3n de Transporte P\u00fablico municipal. La pr\u00f3xima voz a escuchar ser\u00e1 la de la Facultad de Ingenier\u00eda.<!--more--><\/p>\n<hr \/>\n<p><strong>El viernes se reuni\u00f3 la Comisi\u00f3n de Transporte P\u00fablico en el Palacio Municipal donde estuvo el empresario Ramiro Di Giano<\/strong>, titular de la actual concesi\u00f3n del servicio.<\/p>\n<p>&nbsp;<\/p>\n<p>Cabe recordar que <a href=\"https:\/\/cdnoticias.com\/index.php\/2021\/03\/30\/se-presento-la-comision-de-transporte-interurbano\/\" target=\"_blank\" rel=\"noopener\">esta comisi\u00f3n se form\u00f3 a fines de marzo<\/a> con funcionarios del Ejecutivo, <strong>encabezados por el subsecretario de Gobierno, Emilio Vitale<\/strong>, y concejales de todos los bloques <strong>con el objetivo de analizar distintos aspectos en vista de la licitaci\u00f3n del transporte de pasajeros interurbano<\/strong>.<\/p>\n<p>&nbsp;<\/p>\n<p>La concesi\u00f3n vigente vencer\u00e1 en abril de 2022 y <strong>se renovar\u00e1 desde el 1\u00ba de mayo<\/strong>.<\/p>\n<p>&nbsp;<\/p>\n<p>Desde el Municipio se <a href=\"https:\/\/cdnoticias.com\/index.php\/2021\/06\/25\/con-el-titular-de-la-empresa-se-reunio-la-comision-de-transporte-interurbano\/\" target=\"_blank\" rel=\"noopener\">adelantaron algunos aspectos de los temas charlados el vierne<\/a>s, centralmente <strong>el avance en la negociaci\u00f3n de los subsidios nacional<\/strong> que llevan adelante la Federaci\u00f3n del Transporte (FATAP) con el Ministerio de Transporte de la Naci\u00f3n.<\/p>\n<p>&nbsp;<\/p>\n<p><img data-recalc-dims=\"1\" loading=\"lazy\" decoding=\"async\" class=\"size-full wp-image-17528 aligncenter\" src=\"https:\/\/i0.wp.com\/cdnoticias.com\/wp-content\/uploads\/2021\/03\/comisiontransporte02.jpg?resize=800%2C445&#038;ssl=1\" alt=\"\" width=\"800\" height=\"445\" srcset=\"https:\/\/i0.wp.com\/cdnoticias.com\/wp-content\/uploads\/2021\/03\/comisiontransporte02.jpg?w=800&amp;ssl=1 800w, https:\/\/i0.wp.com\/cdnoticias.com\/wp-content\/uploads\/2021\/03\/comisiontransporte02.jpg?resize=300%2C167&amp;ssl=1 300w, https:\/\/i0.wp.com\/cdnoticias.com\/wp-content\/uploads\/2021\/03\/comisiontransporte02.jpg?resize=768%2C427&amp;ssl=1 768w\" sizes=\"auto, (max-width: 800px) 100vw, 800px\" \/><\/p>\n<p>&nbsp;<\/p>\n<p><strong>Central de Noticias<\/strong> dialog\u00f3 con Emilio Vitale quien enfatiz\u00f3 que <strong>\u201cfue un buen intercambio\u201d<\/strong> con el empresario y coment\u00f3 que entre los ejes de la charla estuvieron <strong>el futuro del transporte p\u00fablico y los cambios en la movilidad<\/strong>.<\/p>\n<p>&nbsp;<\/p>\n<p>Justamente, un aspecto que se dio a conocer es que <strong>se incluir\u00e1 en el pliego de la licitaci\u00f3n un \u201cinstrumento de emergencia<\/strong> que permita readecuar el servicio si as\u00ed se lo requiera como sucede actualmente con el Covid-19, donde las frecuencias se vieron modificadas por el sistema de fases aplicado por el gobierno provincial\u201d se\u00f1al\u00f3 el funcionario.<\/p>\n<p>&nbsp;<\/p>\n<p>En ese sentido, <strong>el empresario expuso la gran ca\u00edda de usuarios que se registr\u00f3 desde el inicio de la pandemia<\/strong> y que afecta incluso al sector estudiantil, el cual retom\u00f3 la actividad a inicios de este a\u00f1o en Olavarr\u00eda. <strong>\u201cS\u00f3lo 400 alumnos aproximadamente se mueven en el transporte p\u00fablico\u201d expuso Vitale y enmarc\u00f3 la situaci\u00f3n en que \u201ccambi\u00f3 la movilidad\u201d<\/strong>.<\/p>\n<p>&nbsp;<\/p>\n<p><img data-recalc-dims=\"1\" loading=\"lazy\" decoding=\"async\" class=\"size-full wp-image-12275 aligncenter\" src=\"https:\/\/i0.wp.com\/cdnoticias.com\/wp-content\/uploads\/2021\/01\/ola-bus-transporte04.jpg?resize=800%2C445&#038;ssl=1\" alt=\"\" width=\"800\" height=\"445\" srcset=\"https:\/\/i0.wp.com\/cdnoticias.com\/wp-content\/uploads\/2021\/01\/ola-bus-transporte04.jpg?w=1000&amp;ssl=1 1000w, https:\/\/i0.wp.com\/cdnoticias.com\/wp-content\/uploads\/2021\/01\/ola-bus-transporte04.jpg?resize=300%2C167&amp;ssl=1 300w, https:\/\/i0.wp.com\/cdnoticias.com\/wp-content\/uploads\/2021\/01\/ola-bus-transporte04.jpg?resize=768%2C427&amp;ssl=1 768w, https:\/\/i0.wp.com\/cdnoticias.com\/wp-content\/uploads\/2021\/01\/ola-bus-transporte04.jpg?resize=800%2C445&amp;ssl=1 800w\" sizes=\"auto, (max-width: 800px) 100vw, 800px\" \/><\/p>\n<p>&nbsp;<\/p>\n<p>Apunt\u00f3 a los cambios en las actividades, por un lado, y tambi\u00e9n a <strong>modificaciones en las costumbres vinculadas con la prevenci\u00f3n sanitaria<\/strong>.<\/p>\n<p>&nbsp;<\/p>\n<blockquote><p>La consecuente ca\u00edda en los ingresos por corte de boleto derivaron en un nuevo esquema financiero para las empresas del rubro: los subsidios que sustentan el transporte p\u00fablico tomaron mayor relevancia. En el plano local, ni la empresa ni el Gobierno municipal consideran viable recomponer el equilibrio de las finanzas mediante aumento tarifario, tal como dej\u00f3 saber el subsecretario de Gobierno, con lo que los aportes del Estado Nacional y Provincial se volvieron cruciales.<\/p><\/blockquote>\n<p>&nbsp;<\/p>\n<p>En la reuni\u00f3n, se hab\u00eda informado, Di Giano expuso la novedad: <strong>el Ministerio de Transporte de la Naci\u00f3n acept\u00f3 otorgar 8.000 millones extra en subsidios para todas las empresas del interior del pa\u00eds hasta fin de a\u00f1o<\/strong>. Este incremento se otorg\u00f3 a fin de solventar el aumento salarial que las empresas acordaron con el sindicato UTA para los trabajadores del sector en las prestadoras por fuera del AMBA.<\/p>\n<p>&nbsp;<\/p>\n<p>Por \u00faltimo, <strong>Emilio Vitale adelant\u00f3 que en la pr\u00f3xima reuni\u00f3n de la comisi\u00f3n se invitar\u00e1 a la Facultad de Ingenier\u00eda de la Unicen<\/strong> a fin de que expongan sobre su visi\u00f3n del servicio. Cabe recordar que la instituci\u00f3n ya tuvo participaci\u00f3n activa en la renovaci\u00f3n de la concesi\u00f3n del transporte p\u00fablico urbano entre 2018 y 2019.<\/p>\n","protected":false},"excerpt":{"rendered":"<p>Fueron dos de los temas que se trataron en la \u00faltima reuni\u00f3n de la Comisi\u00f3n de Transporte P\u00fablico municipal. La<\/p>\n","protected":false},"author":4,"featured_media":24968,"comment_status":"closed","ping_status":"closed","sticky":false,"template":"","format":"standard","meta":{"_jetpack_memberships_contains_paid_content":false,"footnotes":""},"categories":[5,1],"tags":[],"class_list":["post-25168","post","type-post","status-publish","format-standard","has-post-thumbnail","hentry","category-informacion-general","category-portada"],"jetpack_featured_media_url":"https:\/\/i0.wp.com\/cdnoticias.com\/wp-content\/uploads\/2021\/06\/comtransporte-1024x704.jpg?fit=1024%2C704&ssl=1","jetpack_sharing_enabled":true,"_links":{"self":[{"href":"https:\/\/cdnoticias.com\/index.php\/wp-json\/wp\/v2\/posts\/25168","targetHints":{"allow":["GET"]}}],"collection":[{"href":"https:\/\/cdnoticias.com\/index.php\/wp-json\/wp\/v2\/posts"}],"about":[{"href":"https:\/\/cdnoticias.com\/index.php\/wp-json\/wp\/v2\/types\/post"}],"author":[{"embeddable":true,"href":"https:\/\/cdnoticias.com\/index.php\/wp-json\/wp\/v2\/users\/4"}],"replies":[{"embeddable":true,"href":"https:\/\/cdnoticias.com\/index.php\/wp-json\/wp\/v2\/comments?post=25168"}],"version-history":[{"count":0,"href":"https:\/\/cdnoticias.com\/index.php\/wp-json\/wp\/v2\/posts\/25168\/revisions"}],"wp:featuredmedia":[{"embeddable":true,"href":"https:\/\/cdnoticias.com\/index.php\/wp-json\/wp\/v2\/media\/24968"}],"wp:attachment":[{"href":"https:\/\/cdnoticias.com\/index.php\/wp-json\/wp\/v2\/media?parent=25168"}],"wp:term":[{"taxonomy":"category","embeddable":true,"href":"https:\/\/cdnoticias.com\/index.php\/wp-json\/wp\/v2\/categories?post=25168"},{"taxonomy":"post_tag","embeddable":true,"href":"https:\/\/cdnoticias.com\/index.php\/wp-json\/wp\/v2\/tags?post=25168"}],"curies":[{"name":"wp","href":"https:\/\/api.w.org\/{rel}","templated":true}]}}