{"id":25143,"date":"2021-06-28T11:16:08","date_gmt":"2021-06-28T14:16:08","guid":{"rendered":"http:\/\/www.centraldenoticias.com.ar\/?p=25143"},"modified":"2021-06-28T11:16:08","modified_gmt":"2021-06-28T14:16:08","slug":"los-juzgados-de-familia-de-olavarria-en-apoyo-al-dia-del-orgullo","status":"publish","type":"post","link":"https:\/\/cdnoticias.com\/index.php\/2021\/06\/28\/los-juzgados-de-familia-de-olavarria-en-apoyo-al-dia-del-orgullo\/","title":{"rendered":"Los Juzgados de Familia de Olavarr\u00eda, en apoyo al D\u00eda del Orgullo"},"content":{"rendered":"<p>Ambas instituciones judiciales se expresaron en favor del \u201ccompromiso\u201d con los derechos humanos \u201cpara construir una sociedad m\u00e1s inclusiva para todos y todas\u201d.<!--more--><\/p>\n<hr \/>\n<p><strong>Los Juzgados de Familia de Olavarr\u00eda N\u00b0 1 y N\u00b0 2 se expresaron este lunes por el D\u00eda del Orgullo <\/strong>que se celebra en todo el pa\u00eds, y a nivel mundial.<\/p>\n<p>&nbsp;<\/p>\n<blockquote><p>A trav\u00e9s de sus redes sociales, los organismos judiciales a cargo del juez Santiago Arrondo, expresaron que \u201choy es una fecha para reafirmar el compromiso de trabajo con la promoci\u00f3n y protecci\u00f3n de los derechos humanos, la igualdad y la diversidad para construir una sociedad m\u00e1s inclusiva para todos y todas\u201d.<\/p><\/blockquote>\n<p>&nbsp;<\/p>\n<blockquote class=\"twitter-tweet\">\n<p dir=\"ltr\" lang=\"es\">Hoy es una fecha para reafirmar el compromiso de trabajo con la promoci\u00f3n y protecci\u00f3n de los derechos humanos, la igualdad y la diversidad para construir una sociedad m\u00e1s inclusiva para todos y todas.<a href=\"https:\/\/twitter.com\/hashtag\/Orgullo2021?src=hash&amp;ref_src=twsrc%5Etfw\">#Orgullo2021<\/a> <a href=\"https:\/\/t.co\/pKkMjqfRe6\">pic.twitter.com\/pKkMjqfRe6<\/a><\/p>\n<p>\u2014 Juzgado de Familia Nro. 1 &#8211; Olavarr\u00eda (@Juzfam1_ol) <a href=\"https:\/\/twitter.com\/Juzfam1_ol\/status\/1409489290795565058?ref_src=twsrc%5Etfw\">June 28, 2021<\/a><\/p><\/blockquote>\n<p><script async src=\"https:\/\/platform.twitter.com\/widgets.js\" charset=\"utf-8\"><\/script><\/p>\n<p>Recordaron asimismo que <strong>el D\u00eda Internacional del Orgullo LGBTIQ+ se celebra cada 28 de junio<\/strong> en recuerdo a los disturbios de Stonewall, en la ciudad de Nueva York, Estados Unidos, de 1969.<\/p>\n<p>&nbsp;<\/p>\n<p>Se considera esa ocasi\u00f3n como la primera en la historia del pa\u00eds norteamericano en que la comunidad LGBT luch\u00f3 contra la persecuci\u00f3n sistem\u00e1tica.<\/p>\n<blockquote class=\"twitter-tweet\">\n<p dir=\"ltr\" lang=\"es\">Cada 28 de junio se conmemora el <a href=\"https:\/\/twitter.com\/hashtag\/D%C3%ADaInternacionaldelOrgulloLGBTIQ?src=hash&amp;ref_src=twsrc%5Etfw\">#D\u00edaInternacionaldelOrgulloLGBTIQ<\/a>+, en recuerdo de los disturbios de Stonewall, en la ciudad de Nueva York, Estados Unidos, de 1969.<\/p>\n<p>\u2014 Juzgado de Familia Nro. 2 &#8211; Olavarr\u00eda (@JuzFam2Olav) <a href=\"https:\/\/twitter.com\/JuzFam2Olav\/status\/1409491346872754178?ref_src=twsrc%5Etfw\">June 28, 2021<\/a><\/p><\/blockquote>\n<p><script async src=\"https:\/\/platform.twitter.com\/widgets.js\" charset=\"utf-8\"><\/script><\/p>\n<p><strong>Este lunes habr\u00e1 en Olavarr\u00eda distintos actos recordatorios del D\u00eda del Orgullo<\/strong>. <a href=\"https:\/\/cdnoticias.com\/index.php\/2021\/06\/26\/la-bandera-del-orgullo-se-izara-en-la-plaza-aguado\/\" target=\"_blank\" rel=\"noopener\">Uno de ellos ser\u00e1 a las 16 en la Plaza Aguado donde se izar\u00e1 la bandera del orgullo<\/a>.<\/p>\n","protected":false},"excerpt":{"rendered":"<p>Ambas instituciones judiciales se expresaron en favor del \u201ccompromiso\u201d con los derechos humanos \u201cpara construir una sociedad m\u00e1s inclusiva para<\/p>\n","protected":false},"author":4,"featured_media":25145,"comment_status":"closed","ping_status":"closed","sticky":false,"template":"","format":"standard","meta":{"_jetpack_memberships_contains_paid_content":false,"footnotes":""},"categories":[3,1],"tags":[],"class_list":["post-25143","post","type-post","status-publish","format-standard","has-post-thumbnail","hentry","category-genero","category-portada"],"jetpack_featured_media_url":"https:\/\/i0.wp.com\/cdnoticias.com\/wp-content\/uploads\/2021\/06\/dia-del-orgullo.jpg?fit=720%2C405&ssl=1","jetpack_sharing_enabled":true,"_links":{"self":[{"href":"https:\/\/cdnoticias.com\/index.php\/wp-json\/wp\/v2\/posts\/25143","targetHints":{"allow":["GET"]}}],"collection":[{"href":"https:\/\/cdnoticias.com\/index.php\/wp-json\/wp\/v2\/posts"}],"about":[{"href":"https:\/\/cdnoticias.com\/index.php\/wp-json\/wp\/v2\/types\/post"}],"author":[{"embeddable":true,"href":"https:\/\/cdnoticias.com\/index.php\/wp-json\/wp\/v2\/users\/4"}],"replies":[{"embeddable":true,"href":"https:\/\/cdnoticias.com\/index.php\/wp-json\/wp\/v2\/comments?post=25143"}],"version-history":[{"count":0,"href":"https:\/\/cdnoticias.com\/index.php\/wp-json\/wp\/v2\/posts\/25143\/revisions"}],"wp:featuredmedia":[{"embeddable":true,"href":"https:\/\/cdnoticias.com\/index.php\/wp-json\/wp\/v2\/media\/25145"}],"wp:attachment":[{"href":"https:\/\/cdnoticias.com\/index.php\/wp-json\/wp\/v2\/media?parent=25143"}],"wp:term":[{"taxonomy":"category","embeddable":true,"href":"https:\/\/cdnoticias.com\/index.php\/wp-json\/wp\/v2\/categories?post=25143"},{"taxonomy":"post_tag","embeddable":true,"href":"https:\/\/cdnoticias.com\/index.php\/wp-json\/wp\/v2\/tags?post=25143"}],"curies":[{"name":"wp","href":"https:\/\/api.w.org\/{rel}","templated":true}]}}