{"id":25142,"date":"2021-06-28T11:13:54","date_gmt":"2021-06-28T14:13:54","guid":{"rendered":"http:\/\/www.centraldenoticias.com.ar\/?p=25142"},"modified":"2021-06-28T12:57:44","modified_gmt":"2021-06-28T15:57:44","slug":"plan-tu-vi-es-un-plan-de-vivienda-para-un-sector-que-puede-pagarlo","status":"publish","type":"post","link":"https:\/\/cdnoticias.com\/index.php\/2021\/06\/28\/plan-tu-vi-es-un-plan-de-vivienda-para-un-sector-que-puede-pagarlo\/","title":{"rendered":"Plan Tu.Vi: \u201ces un plan de vivienda para un sector que puede pagarlo\u201d"},"content":{"rendered":"<p>El intendente Galli respondi\u00f3 a las cr\u00edticas por las cifras de ingreso al Plan de Vivienda municipal y destac\u00f3 que \u201chablan de 100 mil pesos de ingresos como si fuera una locura pero con lo que se ha devaluado el peso hoy es razonable\u201d.\u00a0<!--more--><\/p>\n<hr \/>\n<p>El intendente <strong>Galli respondi\u00f3 a las cr\u00edticas de la oposici\u00f3n por los montos de ingreso al Plan de Vivienda \u201cTu.Vi\u201d y destac\u00f3 que es el inicio <em>\u201cde un plan de viviendas importante\u201d<\/em>.<\/strong> Resalt\u00f3 que<strong> los ingresos por 100 mil pesos mensuales es un monto \u201crazonable\u201d<\/strong> y compar\u00f3 la cifra de la cuota con un alquiler.<\/p>\n<p>&nbsp;<\/p>\n<p>En di\u00e1logo con C\u00e9sar Salda\u00edn en el programa \u201cOK\u201d que se emite por FM Sapiens 102.7, se\u00f1al\u00f3 r\u00e1pidamente ante las cr\u00edticas del Frente de Todos <em>\u201cladran Sancho, se\u00f1al que cabalgamos<\/em>\u201d sumado a que<em> \u201cm\u00e1s de 50% de los vecinos me eligieron para hacer, y estamos haciendo\u201d.<\/em><\/p>\n<p>&nbsp;<\/p>\n<blockquote><p>\u201c<strong>Este es un plan de vivienda para un sector de la sociedad.<\/strong> La demanda habitacional es muy grande, estamos haciendo relevamientos para tener n\u00fameros y cifras exactas\u201d.<\/p><\/blockquote>\n<p>&nbsp;<\/p>\n<p>A su vez, dej\u00f3 en claro que el Tu.Vi <em>\u201ces un plan de viviendas para un sector que puede pagarlo. Acceder a un cr\u00e9dito hipotecario hoy es imposible, tanto en Provincia como en Naci\u00f3n. A ese sector le estamos brindando una opci\u00f3n\u201d.<\/em><\/p>\n<p>&nbsp;<\/p>\n<p>Sobre los montos de ingreso al programa, <strong><em>\u201chablan de 100 mil pesos de ingresos como si fuera una locura, pero con lo que se ha devaluado el peso hoy es razonable, m\u00e1s en familia donde trabajan dos\u201d.<\/em><\/strong> Adelant\u00f3, en tanto, que<em> \u201ctenemos que trabajar con el gobierno provincial y nacional en la soluci\u00f3n de la vivienda social. Lo que se est\u00e1 criticando es que se hace un plan de viviendas para personas que se puede pagar\u201d.<\/em><\/p>\n<p>&nbsp;<\/p>\n<p>Y arremeti\u00f3 contra la oposici\u00f3n local: <strong><em>\u201c\u00bfPor qu\u00e9 el Estado tiene que dar todo gratis? A m\u00ed me ense\u00f1aron que hay que ganarse las cosas laburando. Estamos ofreciendo un plan para pagar a 10 a\u00f1os una cuota para acceder a una vivienda\u201d.<\/em><\/strong> Y profundiz\u00f3:<em> \u201c\u00bfPrefieren pagar un departamento de 30 mil pesos por mes de alquiler o pagar un poco m\u00e1s en una casa que es para toda la vida?\u201d.<\/em><\/p>\n<p>&nbsp;<\/p>\n<p>Indic\u00f3 que estas cr\u00edticas son <em>\u201cindignantes para el vecino que puede pagar para acceder al techo propio\u201d<\/em> y adelant\u00f3 que tras la apertura de la adhesi\u00f3n al programa y la posibilidad de licitar una de las 40 viviendas (por ahora s\u00f3lo se puede adherir a las primeras 20, de construcci\u00f3n tradicional)<em><strong> \u201ctenemos muy buena repercusi\u00f3n, en un ratito se anotaron 10 familias ya\u201d.<\/strong><\/em><\/p>\n<p>&nbsp;<\/p>\n<p>Tras citar a la Madre Teresa de Calcuta, Galli dijo que <em>\u201cpor lo menos, aunque sea poco, estoy haciendo algo. Es el inicio de un plan de viviendas importante\u201d<\/em> y sobre las cr\u00edticas indic\u00f3 que <strong><em>\u201cno tengo tiempo para eso (responderlas), tengo que seguir trabajando para cuestiones de los vecinos de Olavarr\u00eda\u201d.<\/em><\/strong><\/p>\n<p>&nbsp;<\/p>\n<p>Finalmente, dijo que esta pol\u00e9mica en los medios y las cr\u00edticas<em> \u201cque le dan al Programa Tu.Vi le dan visibilidad, y estoy agradecido por eso\u201d.<\/em><\/p>\n","protected":false},"excerpt":{"rendered":"<p>El intendente Galli respondi\u00f3 a las cr\u00edticas por las cifras de ingreso al Plan de Vivienda municipal y destac\u00f3 que<\/p>\n","protected":false},"author":2,"featured_media":25035,"comment_status":"closed","ping_status":"closed","sticky":false,"template":"","format":"standard","meta":{"_jetpack_memberships_contains_paid_content":false,"footnotes":""},"categories":[5,1],"tags":[],"class_list":["post-25142","post","type-post","status-publish","format-standard","has-post-thumbnail","hentry","category-informacion-general","category-portada"],"jetpack_featured_media_url":"https:\/\/i0.wp.com\/cdnoticias.com\/wp-content\/uploads\/2021\/06\/WhatsApp-Image-2021-06-26-at-10.33.22-1.jpeg?fit=1280%2C853&ssl=1","jetpack_sharing_enabled":true,"_links":{"self":[{"href":"https:\/\/cdnoticias.com\/index.php\/wp-json\/wp\/v2\/posts\/25142","targetHints":{"allow":["GET"]}}],"collection":[{"href":"https:\/\/cdnoticias.com\/index.php\/wp-json\/wp\/v2\/posts"}],"about":[{"href":"https:\/\/cdnoticias.com\/index.php\/wp-json\/wp\/v2\/types\/post"}],"author":[{"embeddable":true,"href":"https:\/\/cdnoticias.com\/index.php\/wp-json\/wp\/v2\/users\/2"}],"replies":[{"embeddable":true,"href":"https:\/\/cdnoticias.com\/index.php\/wp-json\/wp\/v2\/comments?post=25142"}],"version-history":[{"count":0,"href":"https:\/\/cdnoticias.com\/index.php\/wp-json\/wp\/v2\/posts\/25142\/revisions"}],"wp:featuredmedia":[{"embeddable":true,"href":"https:\/\/cdnoticias.com\/index.php\/wp-json\/wp\/v2\/media\/25035"}],"wp:attachment":[{"href":"https:\/\/cdnoticias.com\/index.php\/wp-json\/wp\/v2\/media?parent=25142"}],"wp:term":[{"taxonomy":"category","embeddable":true,"href":"https:\/\/cdnoticias.com\/index.php\/wp-json\/wp\/v2\/categories?post=25142"},{"taxonomy":"post_tag","embeddable":true,"href":"https:\/\/cdnoticias.com\/index.php\/wp-json\/wp\/v2\/tags?post=25142"}],"curies":[{"name":"wp","href":"https:\/\/api.w.org\/{rel}","templated":true}]}}