{"id":2513,"date":"2020-09-26T15:01:19","date_gmt":"2020-09-26T18:01:19","guid":{"rendered":"http:\/\/www.centraldenoticias.com.ar\/?p=2513"},"modified":"2020-09-26T16:57:59","modified_gmt":"2020-09-26T19:57:59","slug":"coronavirus-la-ocupacion-de-terapia-intensiva-llego-a-80-en-la-region-ix","status":"publish","type":"post","link":"https:\/\/cdnoticias.com\/index.php\/2020\/09\/26\/coronavirus-la-ocupacion-de-terapia-intensiva-llego-a-80-en-la-region-ix\/","title":{"rendered":"Coronavirus: la ocupaci\u00f3n de Terapia Intensiva lleg\u00f3 a 80% en la Regi\u00f3n IX"},"content":{"rendered":"<p>Es un promedio y la situaci\u00f3n preocupa en la Provincia. El crecimiento se registra en los principales centros de salud de la regi\u00f3n: en Olavarr\u00eda, Azul y Las Flores.<!--more--><\/p>\n<hr \/>\n<p>En los \u00faltimos tres d\u00edas <strong>aument\u00f3 notablemente la internaci\u00f3n de pacientes con Covid en las Unidades de Terapia Intensiva de los principales centros de salud de la Regi\u00f3n Sanitaria IX<\/strong> dependiente del Ministerio de Salud de la provincia de Buenos Aires.<\/p>\n<blockquote><p>Lo confirm\u00f3 su titular, Ramiro Borzi, a Central de Noticias quien detall\u00f3 que en ese lapso rond\u00f3 entre 80 y 85% la ocupaci\u00f3n de camas entre los 10 distritos que componen la regi\u00f3n.<\/p><\/blockquote>\n<p>La situaci\u00f3n preocupa en la Provincia, especialmente porque la suba se dio en los principales centros de salud de la regi\u00f3n: <strong>el Hospital Municipal \u201cDr. H\u00e9ctor Cura\u201d de Olavarr\u00eda, el Hospital Pintos de Azul y el Hospital Zonal General de Las Flores<\/strong>. En todos los casos aument\u00f3 <strong>\u201cde forma notoria\u201d<\/strong> expres\u00f3 Borzi.<\/p>\n<p><img data-recalc-dims=\"1\" loading=\"lazy\" decoding=\"async\" class=\"wp-image-2515 aligncenter\" src=\"https:\/\/i0.wp.com\/cdnoticias.com\/wp-content\/uploads\/2020\/09\/ramiro-borzi.jpg?resize=500%2C333&#038;ssl=1\" alt=\"\" width=\"500\" height=\"333\" srcset=\"https:\/\/i0.wp.com\/cdnoticias.com\/wp-content\/uploads\/2020\/09\/ramiro-borzi.jpg?resize=300%2C200&amp;ssl=1 300w, https:\/\/i0.wp.com\/cdnoticias.com\/wp-content\/uploads\/2020\/09\/ramiro-borzi.jpg?resize=768%2C511&amp;ssl=1 768w, https:\/\/i0.wp.com\/cdnoticias.com\/wp-content\/uploads\/2020\/09\/ramiro-borzi.jpg?resize=1024%2C682&amp;ssl=1 1024w, https:\/\/i0.wp.com\/cdnoticias.com\/wp-content\/uploads\/2020\/09\/ramiro-borzi.jpg?resize=272%2C182&amp;ssl=1 272w, https:\/\/i0.wp.com\/cdnoticias.com\/wp-content\/uploads\/2020\/09\/ramiro-borzi.jpg?w=1110&amp;ssl=1 1110w\" sizes=\"auto, (max-width: 500px) 100vw, 500px\" \/><\/p>\n<p>Seg\u00fan <a href=\"https:\/\/cdnoticias.com\/index.php\/2020\/09\/26\/coronavirus-crece-el-impacto-en-la-region\/\">los datos disponibles oficialmente<\/a> hasta el viernes, en Azul hab\u00eda siete pacientes internados en el \u00e1rea de Terapia Intensiva. En el Hospital Municipal de Olavarr\u00eda, los pacientes internados en UTI eran 5 de los cuales uno es vecino de Laprida. En nuestra ciudad, <a href=\"https:\/\/cdnoticias.com\/index.php\/2020\/09\/25\/mas-y-mas-casos-60-nuevos-contagios-de-coronavirus\/\">el total de internados es 25<\/a>.<\/p>\n<p><strong>En el caso de Las Flores, el director del Hospital, Mauricio Alejandro, hab\u00eda dado a conocer esta semana la alta ocupaci\u00f3n del sector de Terapia Intensiva. Lleg\u00f3 a 80% de ocupaci\u00f3n<\/strong>. En este centro, adem\u00e1s de los pacientes de la localidad se encuentran internados vecinos de Alvear y Tapalqu\u00e9 que transitan Covid-19. El m\u00e9dico tambi\u00e9n comunic\u00f3 a \u201cNoticias Las Flores\u201d que<strong> \u201cel sector de Cl\u00ednica M\u00e9dica lleg\u00f3 al 80% con un 40% de pacientes con coronavirus. Pediatr\u00eda, que se est\u00e1n utilizando camas con respiradores que se han dispuesto para afrontar la pandemia tiene un 20% de ocupaci\u00f3n y el sector de Cirug\u00eda de un 70%\u201d<\/strong>.<\/p>\n<p><img data-recalc-dims=\"1\" loading=\"lazy\" decoding=\"async\" class=\"wp-image-2514 aligncenter\" src=\"https:\/\/i0.wp.com\/cdnoticias.com\/wp-content\/uploads\/2020\/09\/Hospital-las-flores.jpeg?resize=500%2C281&#038;ssl=1\" alt=\"\" width=\"500\" height=\"281\" srcset=\"https:\/\/i0.wp.com\/cdnoticias.com\/wp-content\/uploads\/2020\/09\/Hospital-las-flores.jpeg?resize=300%2C169&amp;ssl=1 300w, https:\/\/i0.wp.com\/cdnoticias.com\/wp-content\/uploads\/2020\/09\/Hospital-las-flores.jpeg?resize=768%2C432&amp;ssl=1 768w, https:\/\/i0.wp.com\/cdnoticias.com\/wp-content\/uploads\/2020\/09\/Hospital-las-flores.jpeg?resize=1024%2C576&amp;ssl=1 1024w, https:\/\/i0.wp.com\/cdnoticias.com\/wp-content\/uploads\/2020\/09\/Hospital-las-flores.jpeg?w=1032&amp;ssl=1 1032w\" sizes=\"auto, (max-width: 500px) 100vw, 500px\" \/><\/p>\n<p>La Regi\u00f3n Sanitaria IX se conforma por los distritos de Azul, Benito Ju\u00e1rez, Bol\u00edvar, Alvear, La Madrid, Laprida, Las Flores, Olavarr\u00eda, Rauch y Tapalqu\u00e9. <strong>Entre todos los centros de salud p\u00fablicos de esos distritos se cuentan 560 camas de internaci\u00f3n<\/strong> de las cuales, 86 pertenecen a UTI, 90 a cuidados intermedios y 384 a cuidados m\u00ednimos.<\/p>\n","protected":false},"excerpt":{"rendered":"<p>Es un promedio y la situaci\u00f3n preocupa en la Provincia. El crecimiento se registra en los principales centros de salud<\/p>\n","protected":false},"author":4,"featured_media":2516,"comment_status":"closed","ping_status":"closed","sticky":false,"template":"","format":"standard","meta":{"_jetpack_memberships_contains_paid_content":false,"footnotes":""},"categories":[5,1],"tags":[],"class_list":["post-2513","post","type-post","status-publish","format-standard","has-post-thumbnail","hentry","category-informacion-general","category-portada"],"jetpack_featured_media_url":"https:\/\/i0.wp.com\/cdnoticias.com\/wp-content\/uploads\/2020\/09\/ramiro-borzi1.jpg?fit=1280%2C853&ssl=1","jetpack_sharing_enabled":true,"_links":{"self":[{"href":"https:\/\/cdnoticias.com\/index.php\/wp-json\/wp\/v2\/posts\/2513","targetHints":{"allow":["GET"]}}],"collection":[{"href":"https:\/\/cdnoticias.com\/index.php\/wp-json\/wp\/v2\/posts"}],"about":[{"href":"https:\/\/cdnoticias.com\/index.php\/wp-json\/wp\/v2\/types\/post"}],"author":[{"embeddable":true,"href":"https:\/\/cdnoticias.com\/index.php\/wp-json\/wp\/v2\/users\/4"}],"replies":[{"embeddable":true,"href":"https:\/\/cdnoticias.com\/index.php\/wp-json\/wp\/v2\/comments?post=2513"}],"version-history":[{"count":0,"href":"https:\/\/cdnoticias.com\/index.php\/wp-json\/wp\/v2\/posts\/2513\/revisions"}],"wp:featuredmedia":[{"embeddable":true,"href":"https:\/\/cdnoticias.com\/index.php\/wp-json\/wp\/v2\/media\/2516"}],"wp:attachment":[{"href":"https:\/\/cdnoticias.com\/index.php\/wp-json\/wp\/v2\/media?parent=2513"}],"wp:term":[{"taxonomy":"category","embeddable":true,"href":"https:\/\/cdnoticias.com\/index.php\/wp-json\/wp\/v2\/categories?post=2513"},{"taxonomy":"post_tag","embeddable":true,"href":"https:\/\/cdnoticias.com\/index.php\/wp-json\/wp\/v2\/tags?post=2513"}],"curies":[{"name":"wp","href":"https:\/\/api.w.org\/{rel}","templated":true}]}}