{"id":25123,"date":"2021-06-27T20:06:28","date_gmt":"2021-06-27T23:06:28","guid":{"rendered":"http:\/\/www.centraldenoticias.com.ar\/?p=25123"},"modified":"2021-06-27T20:06:28","modified_gmt":"2021-06-27T23:06:28","slug":"incorporan-mas-hogares-de-san-vicente-al-programa-giro","status":"publish","type":"post","link":"https:\/\/cdnoticias.com\/index.php\/2021\/06\/27\/incorporan-mas-hogares-de-san-vicente-al-programa-giro\/","title":{"rendered":"Incorporan m\u00e1s hogares de San Vicente al Programa GIRO"},"content":{"rendered":"<p>Luego de una primera etapa, se sumar\u00e1 una importante zona. Desde este martes, comenzar\u00e1n las recorridas y el relevamiento para realizar la separaci\u00f3n de residuos.\u00a0<!--more--><\/p>\n<hr \/>\n<p>Luego de una primera etapa del Programa GIRO en el barrio San Vicente, desde <strong>el Municipio se inform\u00f3 que se incorporar\u00e1n nuevos hogares a la prueba piloto desde este martes. Se trata de la zona ubicada entre las avenidas Avellaneda y Pueyrred\u00f3n y las calles Rivadavia y Av. Pringles.<\/strong><\/p>\n<p>&nbsp;<\/p>\n<blockquote><p>Desde este martes, el equipo de GIRO comenzar\u00e1 a recorrer el barrio dejando correspondencia en cada hogar \u201ccon informaci\u00f3n sobre el programa, los cambios del servicio y una gu\u00eda de separaci\u00f3n\u201d.<\/p><\/blockquote>\n<p>&nbsp;<\/p>\n<p>A su vez, <strong>estos hogares podr\u00e1n registrarse en el programa GIRO escribiendo por Whatsapp al (2284) 50-3212.<\/strong> A trav\u00e9s de este registro, los vecinos pueden contactarse directamente con el equipo del programa y recibir informaci\u00f3n, recordatorios sobre los cambios y distintos consejos para facilitar la adaptaci\u00f3n al nuevo sistema.<\/p>\n<p>&nbsp;<\/p>\n<p>Desde el Programa se inform\u00f3 que<em> \u201cla respuesta y compromiso mostrados por los vecinos y la colaboraci\u00f3n, tanto de la Junta Vecinal de Los Robles como de la Sociedad de Fomento de San Vicente, permitieron lograr resultados muy prometedores hasta el momento\u201d.<\/em><\/p>\n<p>&nbsp;<\/p>\n<p>En cifras,<strong> desde la puesta en marcha de GIRO el 2 de marzo se llevan recolectadas m\u00e1s de 9 toneladas de materiales reciclables y compostables, extendiendo su vida \u00fatil y evitando que sean enviadas al relleno sanitario.<\/strong> Todo ello logrado a trav\u00e9s de una prueba piloto que al d\u00eda de hoy <strong>alcanza a aproximadamente 800 hogares.<\/strong> Adem\u00e1s, la participaci\u00f3n de los residentes de la zona piloto permite que hoy las plantas de GIRO cuenten con 11 trabajadores que pueden desarrollar sus tareas en un ambiente m\u00e1s seguro e higi\u00e9nico.<\/p>\n<p>&nbsp;<\/p>\n<p><span style=\"text-decoration: underline;\"><strong>\u00bfQu\u00e9 es GIRO?<\/strong><\/span><\/p>\n<p>&nbsp;<\/p>\n<p><strong>GIRO es el programa de Gesti\u00f3n Integral de Residuos Olavarr\u00eda.<\/strong> Se busca trabajar en la generaci\u00f3n, separaci\u00f3n y tratamiento en la fuente de origen de los residuos, as\u00ed como en su recolecci\u00f3n, transporte, tratamiento, reciclaje y disposici\u00f3n final. Cada una de las etapas estar\u00e1 acompa\u00f1ando por la educaci\u00f3n y concientizaci\u00f3n a la comunidad.<\/p>\n<p>&nbsp;<\/p>\n<p><em>&#8220;Nos comprometemos a escuchar todas las voces de la comunidad y todos\/as los\/as interesados\/as en el proceso de gesti\u00f3n de los residuos -desde las cooperativas hasta el intendente, desde las empresas locales hasta los l\u00edderes comunitarios- para fortalecer lo que ya est\u00e1 funcionando y ayudar a construir un sistema de gesti\u00f3n de residuos din\u00e1mico para todos los residentes de Olavarr\u00eda&#8221;.<\/em><\/p>\n<p>&nbsp;<\/p>\n<p>Para m\u00e1s informaci\u00f3n puede consultar:<\/p>\n<p><strong>Web: giro.olavarria.gov.ar<\/strong><\/p>\n<p><strong>Facebook: giro.olavarria<\/strong><\/p>\n<p><strong>Instagram: giro.olavarria<\/strong><\/p>\n","protected":false},"excerpt":{"rendered":"<p>Luego de una primera etapa, se sumar\u00e1 una importante zona. Desde este martes, comenzar\u00e1n las recorridas y el relevamiento para<\/p>\n","protected":false},"author":5,"featured_media":18801,"comment_status":"closed","ping_status":"closed","sticky":false,"template":"","format":"standard","meta":{"_jetpack_memberships_contains_paid_content":false,"footnotes":""},"categories":[5,1],"tags":[],"class_list":["post-25123","post","type-post","status-publish","format-standard","has-post-thumbnail","hentry","category-informacion-general","category-portada"],"jetpack_featured_media_url":"https:\/\/i0.wp.com\/cdnoticias.com\/wp-content\/uploads\/2021\/04\/DE-GIRO-piloto-1024x683.jpg?fit=1024%2C683&ssl=1","jetpack_sharing_enabled":true,"_links":{"self":[{"href":"https:\/\/cdnoticias.com\/index.php\/wp-json\/wp\/v2\/posts\/25123","targetHints":{"allow":["GET"]}}],"collection":[{"href":"https:\/\/cdnoticias.com\/index.php\/wp-json\/wp\/v2\/posts"}],"about":[{"href":"https:\/\/cdnoticias.com\/index.php\/wp-json\/wp\/v2\/types\/post"}],"author":[{"embeddable":true,"href":"https:\/\/cdnoticias.com\/index.php\/wp-json\/wp\/v2\/users\/5"}],"replies":[{"embeddable":true,"href":"https:\/\/cdnoticias.com\/index.php\/wp-json\/wp\/v2\/comments?post=25123"}],"version-history":[{"count":0,"href":"https:\/\/cdnoticias.com\/index.php\/wp-json\/wp\/v2\/posts\/25123\/revisions"}],"wp:featuredmedia":[{"embeddable":true,"href":"https:\/\/cdnoticias.com\/index.php\/wp-json\/wp\/v2\/media\/18801"}],"wp:attachment":[{"href":"https:\/\/cdnoticias.com\/index.php\/wp-json\/wp\/v2\/media?parent=25123"}],"wp:term":[{"taxonomy":"category","embeddable":true,"href":"https:\/\/cdnoticias.com\/index.php\/wp-json\/wp\/v2\/categories?post=25123"},{"taxonomy":"post_tag","embeddable":true,"href":"https:\/\/cdnoticias.com\/index.php\/wp-json\/wp\/v2\/tags?post=25123"}],"curies":[{"name":"wp","href":"https:\/\/api.w.org\/{rel}","templated":true}]}}