{"id":25116,"date":"2021-06-27T18:10:21","date_gmt":"2021-06-27T21:10:21","guid":{"rendered":"http:\/\/www.centraldenoticias.com.ar\/?p=25116"},"modified":"2021-06-27T19:55:45","modified_gmt":"2021-06-27T22:55:45","slug":"jovenes-del-frente-de-todos-se-reunieron-con-la-directora-provincial-de-juventudes","status":"publish","type":"post","link":"https:\/\/cdnoticias.com\/index.php\/2021\/06\/27\/jovenes-del-frente-de-todos-se-reunieron-con-la-directora-provincial-de-juventudes\/","title":{"rendered":"J\u00f3venes del Frente de Todos se reunieron con la Directora provincial de Juventudes"},"content":{"rendered":"<p>Fue en la jornada del s\u00e1bado, donde la juventud del espacio se reuni\u00f3 con Ayel\u00e9n L\u00f3pez. Tambi\u00e9n participaron legisladores como C\u00e9sar Valicenti, Mercedes Land\u00edvar y el funcionario Federico Aguilera.\u00a0<!--more--><\/p>\n<hr \/>\n<p>En la jornada de este s\u00e1bado, <strong>j\u00f3venes del Frente de Todos de Olavarr\u00eda mantuvieron un encuentro con la Directora de Juventudes de la Provincia, Ayel\u00e9n L\u00f3pez,<\/strong> que estuvo acompa\u00f1ada por el diputado provincial C\u00e9sar Valicenti, la concejala Mercedes Landivar y el funcionario provincial Federico Aguilera.<\/p>\n<p>En un encuentro en el que participaron j\u00f3venes militantes, compa\u00f1eras y compa\u00f1eros de distintos frentes, <strong>se compartieron experiencias sobre la situaci\u00f3n en el distrito y dialogaron sobre las distintas pol\u00edticas p\u00fablicas apuntadas a la Juventud que realiza el Gobierno de la Provincia de Buenos Aires.<\/strong><\/p>\n<p>&nbsp;<\/p>\n<p><img data-recalc-dims=\"1\" loading=\"lazy\" decoding=\"async\" class=\"alignnone size-full wp-image-25118\" src=\"https:\/\/i0.wp.com\/cdnoticias.com\/wp-content\/uploads\/2021\/06\/WhatsApp-Image-2021-06-26-at-21.06.30.jpeg?resize=800%2C529&#038;ssl=1\" alt=\"\" width=\"800\" height=\"529\" srcset=\"https:\/\/i0.wp.com\/cdnoticias.com\/wp-content\/uploads\/2021\/06\/WhatsApp-Image-2021-06-26-at-21.06.30.jpeg?w=1280&amp;ssl=1 1280w, https:\/\/i0.wp.com\/cdnoticias.com\/wp-content\/uploads\/2021\/06\/WhatsApp-Image-2021-06-26-at-21.06.30.jpeg?resize=300%2C199&amp;ssl=1 300w, https:\/\/i0.wp.com\/cdnoticias.com\/wp-content\/uploads\/2021\/06\/WhatsApp-Image-2021-06-26-at-21.06.30.jpeg?resize=768%2C508&amp;ssl=1 768w, https:\/\/i0.wp.com\/cdnoticias.com\/wp-content\/uploads\/2021\/06\/WhatsApp-Image-2021-06-26-at-21.06.30.jpeg?resize=1024%2C678&amp;ssl=1 1024w\" sizes=\"auto, (max-width: 800px) 100vw, 800px\" \/><\/p>\n<p>&nbsp;<\/p>\n<p>Cabe remarcar que<strong> desde la Direcci\u00f3n provincial de Juventudes vienen llevando adelante este tipo de encuentro en distintas ciudades<\/strong>, en los \u00faltimos tres d\u00edas recorrieron los distritos de Mar del Plata, General Guido, Maip\u00fa, Bragado, Chacabuco, Pehuaj\u00f3 y Tapalqu\u00e9 para construir espacios de intercambio de experiencias con j\u00f3venes del interior de la Provincia.<\/p>\n","protected":false},"excerpt":{"rendered":"<p>Fue en la jornada del s\u00e1bado, donde la juventud del espacio se reuni\u00f3 con Ayel\u00e9n L\u00f3pez. Tambi\u00e9n participaron legisladores como<\/p>\n","protected":false},"author":5,"featured_media":25117,"comment_status":"closed","ping_status":"closed","sticky":false,"template":"","format":"standard","meta":{"_jetpack_memberships_contains_paid_content":false,"footnotes":""},"categories":[4,1],"tags":[],"class_list":["post-25116","post","type-post","status-publish","format-standard","has-post-thumbnail","hentry","category-politica","category-portada"],"jetpack_featured_media_url":"https:\/\/i0.wp.com\/cdnoticias.com\/wp-content\/uploads\/2021\/06\/WhatsApp-Image-2021-06-26-at-21.06.32.jpeg?fit=1280%2C752&ssl=1","jetpack_sharing_enabled":true,"_links":{"self":[{"href":"https:\/\/cdnoticias.com\/index.php\/wp-json\/wp\/v2\/posts\/25116","targetHints":{"allow":["GET"]}}],"collection":[{"href":"https:\/\/cdnoticias.com\/index.php\/wp-json\/wp\/v2\/posts"}],"about":[{"href":"https:\/\/cdnoticias.com\/index.php\/wp-json\/wp\/v2\/types\/post"}],"author":[{"embeddable":true,"href":"https:\/\/cdnoticias.com\/index.php\/wp-json\/wp\/v2\/users\/5"}],"replies":[{"embeddable":true,"href":"https:\/\/cdnoticias.com\/index.php\/wp-json\/wp\/v2\/comments?post=25116"}],"version-history":[{"count":0,"href":"https:\/\/cdnoticias.com\/index.php\/wp-json\/wp\/v2\/posts\/25116\/revisions"}],"wp:featuredmedia":[{"embeddable":true,"href":"https:\/\/cdnoticias.com\/index.php\/wp-json\/wp\/v2\/media\/25117"}],"wp:attachment":[{"href":"https:\/\/cdnoticias.com\/index.php\/wp-json\/wp\/v2\/media?parent=25116"}],"wp:term":[{"taxonomy":"category","embeddable":true,"href":"https:\/\/cdnoticias.com\/index.php\/wp-json\/wp\/v2\/categories?post=25116"},{"taxonomy":"post_tag","embeddable":true,"href":"https:\/\/cdnoticias.com\/index.php\/wp-json\/wp\/v2\/tags?post=25116"}],"curies":[{"name":"wp","href":"https:\/\/api.w.org\/{rel}","templated":true}]}}